{"id":2292,"date":"2026-03-14T17:15:27","date_gmt":"2026-03-14T17:15:27","guid":{"rendered":"https:\/\/menschendecuba.de\/?p=2292"},"modified":"2026-03-16T21:08:22","modified_gmt":"2026-03-16T21:08:22","slug":"kuba-am-scheideweg-krise-druck-und-die-hoffnung-auf-den-wandel","status":"publish","type":"post","link":"https:\/\/menschendecuba.de\/es\/blog\/2026\/03\/14\/kuba-am-scheideweg-krise-druck-und-die-hoffnung-auf-den-wandel\/","title":{"rendered":"Cuba en la encrucijada: crisis, presi\u00f3n y la esperanza de un cambio"},"content":{"rendered":"<div data-elementor-type=\"wp-post\" data-elementor-id=\"2292\" class=\"elementor elementor-2292\" data-elementor-post-type=\"post\">\n\t\t\t\t\t\t<section class=\"elementor-section elementor-top-section elementor-element elementor-element-6b0cf4b3 elementor-section-full_width elementor-section-height-default elementor-section-height-default\" data-id=\"6b0cf4b3\" data-element_type=\"section\" data-e-type=\"section\">\n\t\t\t\t\t\t<div class=\"elementor-container elementor-column-gap-no\">\n\t\t\t\t\t<div class=\"elementor-column elementor-col-100 elementor-top-column elementor-element elementor-element-1ab301d4\" data-id=\"1ab301d4\" data-element_type=\"column\" data-e-type=\"column\">\n\t\t\t<div class=\"elementor-widget-wrap elementor-element-populated\">\n\t\t\t\t\t\t<div class=\"elementor-element elementor-element-8c56736 elementor-widget elementor-widget-text-editor\" data-id=\"8c56736\" data-element_type=\"widget\" data-e-type=\"widget\" data-widget_type=\"text-editor.default\">\n\t\t\t\t<div class=\"elementor-widget-container\">\n\t\t\t\t\t\t\t\t\t<p data-start=\"102\" data-end=\"532\"><strong>M\u00fanich 14 de marzo de 2026. <\/strong><span lang=\"de-DE\">Las protestas del <\/span><strong><span lang=\"de-DE\">11 de julio del 2012<\/span><\/strong><span lang=\"de-DE\"> marcaron un punto de inflexi\u00f3n hist\u00f3rico en la historia moderna de Cuba.<\/span><span lang=\"de-DE\">Por primera vez en d\u00e9cadas, miles de ciudadanos salieron simult\u00e1neamente a las calles en decenas de ciudades. Exig\u00edan libertad, dignidad, perspectivas econ\u00f3micas y el fin de la tutela pol\u00edtica impuesta por el sistema de partido \u00fanico del Partido Comunista.<\/span><\/p><p lang=\"de-DE\">Los gritos de \u201cLibertad\u201d y \u201cPatria y Vida\u201d reflejaron el profundo deseo de cambio de muchos cubanos. Para muchas personas, ese d\u00eda fue el momento en que comenz\u00f3 a resquebrajarse un muro de miedo construido durante d\u00e9cadas.<\/p><p lang=\"de-DE\">Sin embargo, la reacci\u00f3n del gobierno bajo el presidente Miguel D\u00edaz-Canel fue una ola de represi\u00f3n masiva y violenta. Cientos de manifestantes fueron arrestados y condenados a largas penas de prisi\u00f3n. Desde entonces, familias en toda Cuba viven con la angustia por sus seres queridos, que permanecen encarcelados en condiciones dif\u00edciles.<\/p><p lang=\"de-DE\">Algunas muertes relacionadas con la represi\u00f3n de las protestas han profundizado a\u00fan m\u00e1s las heridas sociales. Muchos cubanos ven en estos hechos la prueba de que el sistema pol\u00edtico no est\u00e1 dispuesto a responder a las demandas leg\u00edtimas de la poblaci\u00f3n mediante el di\u00e1logo y las reformas.<\/p><p lang=\"de-DE\">Cuatro a\u00f1os despu\u00e9s, Cuba se encuentra en una profunda crisis econ\u00f3mica, social y pol\u00edtica, quiz\u00e1 la m\u00e1s grave desde el colapso de la Uni\u00f3n Sovi\u00e9tica.<\/p><p lang=\"de-DE\">Desde la perspectiva de la sociedad civil independiente cubana y de organizaciones como MenschenDeCuba e.V., est\u00e1 claro: el pa\u00eds se encuentra hoy en una encrucijada hist\u00f3rica.<\/p><p><!-- \/wp:paragraph --><\/p>\t\t\t\t\t\t\t\t<\/div>\n\t\t\t\t<\/div>\n\t\t\t\t\t<\/div>\n\t\t<\/div>\n\t\t\t\t\t<\/div>\n\t\t<\/section>\n\t\t\t\t<section class=\"elementor-section elementor-top-section elementor-element elementor-element-a5940da elementor-section-boxed elementor-section-height-default elementor-section-height-default\" data-id=\"a5940da\" data-element_type=\"section\" data-e-type=\"section\">\n\t\t\t\t\t\t<div class=\"elementor-container elementor-column-gap-default\">\n\t\t\t\t\t<div class=\"elementor-column elementor-col-100 elementor-top-column elementor-element elementor-element-4ba6f1a\" data-id=\"4ba6f1a\" data-element_type=\"column\" data-e-type=\"column\">\n\t\t\t<div class=\"elementor-widget-wrap elementor-element-populated\">\n\t\t\t\t\t\t<div class=\"elementor-element elementor-element-08f3b6b elementor-widget elementor-widget-image\" data-id=\"08f3b6b\" data-element_type=\"widget\" data-e-type=\"widget\" data-widget_type=\"image.default\">\n\t\t\t\t<div class=\"elementor-widget-container\">\n\t\t\t\t\t\t\t\t\t\t\t\t\t\t\t<img fetchpriority=\"high\" decoding=\"async\" width=\"750\" height=\"427\" src=\"https:\/\/menschendecuba.de\/wp-content\/uploads\/2024\/08\/Congresistas-y-activista-respaldan-protestas-en-Cuba-1024x583-1.jpg\" class=\"attachment-large size-large wp-image-1863\" alt=\"\" srcset=\"https:\/\/menschendecuba.de\/wp-content\/uploads\/2024\/08\/Congresistas-y-activista-respaldan-protestas-en-Cuba-1024x583-1.jpg 1024w, https:\/\/menschendecuba.de\/wp-content\/uploads\/2024\/08\/Congresistas-y-activista-respaldan-protestas-en-Cuba-1024x583-1-300x171.jpg 300w, https:\/\/menschendecuba.de\/wp-content\/uploads\/2024\/08\/Congresistas-y-activista-respaldan-protestas-en-Cuba-1024x583-1-768x437.jpg 768w, https:\/\/menschendecuba.de\/wp-content\/uploads\/2024\/08\/Congresistas-y-activista-respaldan-protestas-en-Cuba-1024x583-1-18x10.jpg 18w\" sizes=\"(max-width: 750px) 100vw, 750px\" style=\"width:100%;height:56.93%;max-width:1024px\" \/>\t\t\t\t\t\t\t\t\t\t\t\t\t\t\t<\/div>\n\t\t\t\t<\/div>\n\t\t\t\t\t<\/div>\n\t\t<\/div>\n\t\t\t\t\t<\/div>\n\t\t<\/section>\n\t\t\t\t<section class=\"elementor-section elementor-top-section elementor-element elementor-element-deb1c12 elementor-section-boxed elementor-section-height-default elementor-section-height-default\" data-id=\"deb1c12\" data-element_type=\"section\" data-e-type=\"section\">\n\t\t\t\t\t\t<div class=\"elementor-container elementor-column-gap-default\">\n\t\t\t\t\t<div class=\"elementor-column elementor-col-100 elementor-top-column elementor-element elementor-element-84eda5b\" data-id=\"84eda5b\" data-element_type=\"column\" data-e-type=\"column\">\n\t\t\t<div class=\"elementor-widget-wrap elementor-element-populated\">\n\t\t\t\t\t\t<div class=\"elementor-element elementor-element-626793c elementor-widget elementor-widget-heading\" data-id=\"626793c\" data-element_type=\"widget\" data-e-type=\"widget\" data-widget_type=\"heading.default\">\n\t\t\t\t<div class=\"elementor-widget-container\">\n\t\t\t\t\t<h2 class=\"elementor-heading-title elementor-size-default\">Una naci\u00f3n en \u00e9xodo: el silencioso voto con los pies<\/h2>\t\t\t\t<\/div>\n\t\t\t\t<\/div>\n\t\t\t\t\t<\/div>\n\t\t<\/div>\n\t\t\t\t\t<\/div>\n\t\t<\/section>\n\t\t\t\t<section class=\"elementor-section elementor-top-section elementor-element elementor-element-1bc3628 elementor-section-boxed elementor-section-height-default elementor-section-height-default\" data-id=\"1bc3628\" data-element_type=\"section\" data-e-type=\"section\">\n\t\t\t\t\t\t<div class=\"elementor-container elementor-column-gap-default\">\n\t\t\t\t\t<div class=\"elementor-column elementor-col-100 elementor-top-column elementor-element elementor-element-bfca777\" data-id=\"bfca777\" data-element_type=\"column\" data-e-type=\"column\">\n\t\t\t<div class=\"elementor-widget-wrap elementor-element-populated\">\n\t\t\t\t\t\t<div class=\"elementor-element elementor-element-482c1b5 elementor-widget elementor-widget-text-editor\" data-id=\"482c1b5\" data-element_type=\"widget\" data-e-type=\"widget\" data-widget_type=\"text-editor.default\">\n\t\t\t\t<div class=\"elementor-widget-container\">\n\t\t\t\t\t\t\t\t\t<p lang=\"de-DE\">Desde las protestas de 2021, Cuba vive una de las mayores olas migratorias de su historia. Cientos de miles de cubanos han abandonado la isla. Muchos emprendieron un peligroso viaje a trav\u00e9s de Centroam\u00e9rica hacia Estados Unidos. Otros buscaron oportunidades en Europa o en otros pa\u00edses de Am\u00e9rica Latina.<\/p><p lang=\"de-DE\">Este \u00e9xodo no es solo una migraci\u00f3n econ\u00f3mica. Es, sobre todo, un voto pol\u00edtico y social con los pies. Cada vez m\u00e1s personas han dejado de creer que el sistema socialista de partido \u00fanico pueda ofrecerles un futuro.<\/p><p lang=\"de-DE\">Especialmente alarmante es la composici\u00f3n de esta migraci\u00f3n. Sobre todo j\u00f3venes y personas altamente cualificadas abandonan el pa\u00eds: m\u00e9dicos, ingenieros, cient\u00edficos, empresarios y estudiantes. Para Cuba, esta evoluci\u00f3n equivale a una cat\u00e1strofe demogr\u00e1fica. Las familias se separan. Los ni\u00f1os crecen sin sus padres. Una generaci\u00f3n entera ve su futuro fuera de la isla, mientras en Cuba permanece una sociedad cada vez m\u00e1s envejecida.<\/p><p lang=\"de-DE\">Muchos en la sociedad civil independiente ven en esto una se\u00f1al dram\u00e1tica: un sistema pol\u00edtico que pierde a sus ciudadanos m\u00e1s talentosos ha perdido su legitimidad social.<\/p>\t\t\t\t\t\t\t\t<\/div>\n\t\t\t\t<\/div>\n\t\t\t\t\t<\/div>\n\t\t<\/div>\n\t\t\t\t\t<\/div>\n\t\t<\/section>\n\t\t\t\t<section class=\"elementor-section elementor-top-section elementor-element elementor-element-070402e elementor-section-boxed elementor-section-height-default elementor-section-height-default\" data-id=\"070402e\" data-element_type=\"section\" data-e-type=\"section\">\n\t\t\t\t\t\t<div class=\"elementor-container elementor-column-gap-default\">\n\t\t\t\t\t<div class=\"elementor-column elementor-col-100 elementor-top-column elementor-element elementor-element-36b8030\" data-id=\"36b8030\" data-element_type=\"column\" data-e-type=\"column\">\n\t\t\t<div class=\"elementor-widget-wrap elementor-element-populated\">\n\t\t\t\t\t\t<div class=\"elementor-element elementor-element-8ccf5bc elementor-widget elementor-widget-image\" data-id=\"8ccf5bc\" data-element_type=\"widget\" data-e-type=\"widget\" data-widget_type=\"image.default\">\n\t\t\t\t<div class=\"elementor-widget-container\">\n\t\t\t\t\t\t\t\t\t\t\t\t\t\t\t<img decoding=\"async\" width=\"750\" height=\"414\" src=\"https:\/\/menschendecuba.de\/wp-content\/uploads\/2023\/05\/Reuters_1-1024x565.png\" class=\"attachment-large size-large wp-image-638\" alt=\"\" srcset=\"https:\/\/menschendecuba.de\/wp-content\/uploads\/2023\/05\/Reuters_1-1024x565.png 1024w, https:\/\/menschendecuba.de\/wp-content\/uploads\/2023\/05\/Reuters_1-300x166.png 300w, https:\/\/menschendecuba.de\/wp-content\/uploads\/2023\/05\/Reuters_1-768x424.png 768w, https:\/\/menschendecuba.de\/wp-content\/uploads\/2023\/05\/Reuters_1-1536x848.png 1536w, https:\/\/menschendecuba.de\/wp-content\/uploads\/2023\/05\/Reuters_1.png 1561w\" sizes=\"(max-width: 750px) 100vw, 750px\" style=\"width:100%;height:55.22%;max-width:1561px\" \/>\t\t\t\t\t\t\t\t\t\t\t\t\t\t\t<\/div>\n\t\t\t\t<\/div>\n\t\t\t\t<div class=\"elementor-element elementor-element-2e55b74 elementor-widget elementor-widget-heading\" data-id=\"2e55b74\" data-element_type=\"widget\" data-e-type=\"widget\" data-widget_type=\"heading.default\">\n\t\t\t\t<div class=\"elementor-widget-container\">\n\t\t\t\t\t<h2 class=\"elementor-heading-title elementor-size-default\">Colapso econ\u00f3mico y el fracaso de los modelos econ\u00f3micos comunistas<\/h2>\t\t\t\t<\/div>\n\t\t\t\t<\/div>\n\t\t\t\t\t<\/div>\n\t\t<\/div>\n\t\t\t\t\t<\/div>\n\t\t<\/section>\n\t\t\t\t<section class=\"elementor-section elementor-top-section elementor-element elementor-element-f25c80d elementor-section-boxed elementor-section-height-default elementor-section-height-default\" data-id=\"f25c80d\" data-element_type=\"section\" data-e-type=\"section\">\n\t\t\t\t\t\t<div class=\"elementor-container elementor-column-gap-default\">\n\t\t\t\t\t<div class=\"elementor-column elementor-col-100 elementor-top-column elementor-element elementor-element-70ff65d\" data-id=\"70ff65d\" data-element_type=\"column\" data-e-type=\"column\">\n\t\t\t<div class=\"elementor-widget-wrap elementor-element-populated\">\n\t\t\t\t\t\t<div class=\"elementor-element elementor-element-c97ae05 elementor-widget elementor-widget-text-editor\" data-id=\"c97ae05\" data-element_type=\"widget\" data-e-type=\"widget\" data-widget_type=\"text-editor.default\">\n\t\t\t\t<div class=\"elementor-widget-container\">\n\t\t\t\t\t\t\t\t\t<p lang=\"de-DE\">Paralelamente a la crisis social, se agrava el declive econ\u00f3mico del pa\u00eds. La reforma monetaria del Gobierno ten\u00eda como objetivo inicial modernizar la econom\u00eda y hacerla m\u00e1s eficiente. En realidad, provoc\u00f3 una inflaci\u00f3n galopante y una dr\u00e1stica p\u00e9rdida del poder adquisitivo de la poblaci\u00f3n. En muchos lugares escasean los alimentos, los medicamentos y el combustible. Para muchas familias, satisfacer las necesidades b\u00e1sicas se ha convertido en un reto diario.<\/p><p lang=\"de-DE\">Especialmente dram\u00e1tica es la crisis energ\u00e9tica. El suministro el\u00e9ctrico de la isla colapsa cada vez con mayor frecuencia. En muchas regiones los apagones duran hasta altas horas de la noche o incluso durante d\u00edas enteros.\n\nEsta situaci\u00f3n provoca cada vez m\u00e1s protestas espont\u00e1neas. Los ciudadanos golpean cacerolas por la noche o se re\u00fanen en calles y plazas para expresar su descontento. Estas protestas muestran una nueva realidad: el miedo a la represi\u00f3n estatal est\u00e1 perdiendo su efecto. Al mismo tiempo, los problemas econ\u00f3micos revelan el fracaso estructural de un sistema basado durante d\u00e9cadas en la planificaci\u00f3n centralizada y el control estatal.<\/p><p lang=\"de-DE\">La doctrina \u201cSocialismo o Muerte\u201d, proclamada en su d\u00eda por Fidel Castro, es vista hoy por muchos cubanos como una imposici\u00f3n que sacrific\u00f3 su libertad en favor de las ideas de un solo hombre. Para un n\u00famero creciente de ciudadanos est\u00e1 claro que esta ideolog\u00eda, en lugar de prosperidad y libertad, ha tra\u00eddo sufrimiento y pobreza.<\/p>\t\t\t\t\t\t\t\t<\/div>\n\t\t\t\t<\/div>\n\t\t\t\t\t<\/div>\n\t\t<\/div>\n\t\t\t\t\t<\/div>\n\t\t<\/section>\n\t\t\t\t<section class=\"elementor-section elementor-top-section elementor-element elementor-element-2076c9d elementor-section-boxed elementor-section-height-default elementor-section-height-default\" data-id=\"2076c9d\" data-element_type=\"section\" data-e-type=\"section\">\n\t\t\t\t\t\t<div class=\"elementor-container elementor-column-gap-default\">\n\t\t\t\t\t<div class=\"elementor-column elementor-col-100 elementor-top-column elementor-element elementor-element-2bcec12\" data-id=\"2bcec12\" data-element_type=\"column\" data-e-type=\"column\">\n\t\t\t<div class=\"elementor-widget-wrap elementor-element-populated\">\n\t\t\t\t\t\t<div class=\"elementor-element elementor-element-641b60e elementor-widget elementor-widget-image\" data-id=\"641b60e\" data-element_type=\"widget\" data-e-type=\"widget\" data-widget_type=\"image.default\">\n\t\t\t\t<div class=\"elementor-widget-container\">\n\t\t\t\t\t\t\t\t\t\t\t\t\t\t\t<img decoding=\"async\" width=\"750\" height=\"691\" src=\"https:\/\/menschendecuba.de\/wp-content\/uploads\/2024\/09\/NotraveltoCuba.png\" class=\"attachment-large size-large wp-image-2064\" alt=\"\" srcset=\"https:\/\/menschendecuba.de\/wp-content\/uploads\/2024\/09\/NotraveltoCuba.png 891w, https:\/\/menschendecuba.de\/wp-content\/uploads\/2024\/09\/NotraveltoCuba-300x276.png 300w, https:\/\/menschendecuba.de\/wp-content\/uploads\/2024\/09\/NotraveltoCuba-768x708.png 768w, https:\/\/menschendecuba.de\/wp-content\/uploads\/2024\/09\/NotraveltoCuba-13x12.png 13w\" sizes=\"(max-width: 750px) 100vw, 750px\" style=\"width:100%;height:92.14%;max-width:891px\" \/>\t\t\t\t\t\t\t\t\t\t\t\t\t\t\t<\/div>\n\t\t\t\t<\/div>\n\t\t\t\t<div class=\"elementor-element elementor-element-38f148f elementor-widget elementor-widget-heading\" data-id=\"38f148f\" data-element_type=\"widget\" data-e-type=\"widget\" data-widget_type=\"heading.default\">\n\t\t\t\t<div class=\"elementor-widget-container\">\n\t\t\t\t\t<h2 class=\"elementor-heading-title elementor-size-default\">Prioridades equivocadas: hoteles en lugar de electricidad y alimentos<\/h2>\t\t\t\t<\/div>\n\t\t\t\t<\/div>\n\t\t\t\t\t<\/div>\n\t\t<\/div>\n\t\t\t\t\t<\/div>\n\t\t<\/section>\n\t\t\t\t<section class=\"elementor-section elementor-top-section elementor-element elementor-element-5f2d4ff elementor-section-boxed elementor-section-height-default elementor-section-height-default\" data-id=\"5f2d4ff\" data-element_type=\"section\" data-e-type=\"section\">\n\t\t\t\t\t\t<div class=\"elementor-container elementor-column-gap-default\">\n\t\t\t\t\t<div class=\"elementor-column elementor-col-100 elementor-top-column elementor-element elementor-element-7d60855\" data-id=\"7d60855\" data-element_type=\"column\" data-e-type=\"column\">\n\t\t\t<div class=\"elementor-widget-wrap elementor-element-populated\">\n\t\t\t\t\t\t<div class=\"elementor-element elementor-element-50fd202 elementor-widget elementor-widget-text-editor\" data-id=\"50fd202\" data-element_type=\"widget\" data-e-type=\"widget\" data-widget_type=\"text-editor.default\">\n\t\t\t\t<div class=\"elementor-widget-container\">\n\t\t\t\t\t\t\t\t\t<p lang=\"de-DE\">Mientras la infraestructura b\u00e1sica del pa\u00eds se deteriora, el gobierno contin\u00faa apostando fuertemente por la inversi\u00f3n en el sector tur\u00edstico.\n\nEn los \u00faltimos a\u00f1os se han invertido miles de millones de d\u00f3lares en nuevos hoteles. Especialmente en La Habana y en regiones tur\u00edsticas se han construido grandes complejos hoteleros. Sin embargo, esta estrategia contrasta cada vez m\u00e1s con la realidad. El turismo internacional hacia Cuba no cumple las expectativas, mientras que otros destinos del Caribe, como la Rep\u00fablica Dominicana o la Riviera Maya mexicana, experimentan un auge.<\/p><p lang=\"de-DE\">Muchos de los hoteles de nueva construcci\u00f3n permanecen hoy en d\u00eda parcialmente vac\u00edos. Mientras tanto, los hospitales se enfrentan a la escasez de medicamentos, la red el\u00e9ctrica est\u00e1 al borde del colapso y la agricultura apenas puede cubrir las necesidades de la poblaci\u00f3n. En cambio, el Gobierno comunista prefiere depender de las importaciones de alimentos. Las importaciones directas procedentes de Estados Unidos tambi\u00e9n contribuyen de manera significativa a estas estad\u00edsticas, ya que este pa\u00eds se ha convertido en uno de los principales proveedores de alimentos de Cuba.<\/p><p lang=\"de-DE\">Especialmente simb\u00f3lico del declive econ\u00f3mico es el colapso de la industria azucarera, que durante d\u00e9cadas fue la columna vertebral de la econom\u00eda cubana. Para muchos cubanos, estas decisiones reflejan una dirigencia pol\u00edtica que ha perdido el contacto con la realidad cotidiana de la poblaci\u00f3n.<\/p>\t\t\t\t\t\t\t\t<\/div>\n\t\t\t\t<\/div>\n\t\t\t\t\t<\/div>\n\t\t<\/div>\n\t\t\t\t\t<\/div>\n\t\t<\/section>\n\t\t\t\t<section class=\"elementor-section elementor-top-section elementor-element elementor-element-124bcb0 elementor-section-boxed elementor-section-height-default elementor-section-height-default\" data-id=\"124bcb0\" data-element_type=\"section\" data-e-type=\"section\">\n\t\t\t\t\t\t<div class=\"elementor-container elementor-column-gap-default\">\n\t\t\t\t\t<div class=\"elementor-column elementor-col-100 elementor-top-column elementor-element elementor-element-21d4382\" data-id=\"21d4382\" data-element_type=\"column\" data-e-type=\"column\">\n\t\t\t<div class=\"elementor-widget-wrap elementor-element-populated\">\n\t\t\t\t\t\t<div class=\"elementor-element elementor-element-de1639a elementor-widget elementor-widget-heading\" data-id=\"de1639a\" data-element_type=\"widget\" data-e-type=\"widget\" data-widget_type=\"heading.default\">\n\t\t\t\t<div class=\"elementor-widget-container\">\n\t\t\t\t\t<h2 class=\"elementor-heading-title elementor-size-default\">El punto de inflexi\u00f3n geopol\u00edtico: Venezuela y la p\u00e9rdida de un aliado<\/h2>\t\t\t\t<\/div>\n\t\t\t\t<\/div>\n\t\t\t\t<div class=\"elementor-element elementor-element-ab197e1 elementor-widget elementor-widget-image\" data-id=\"ab197e1\" data-element_type=\"widget\" data-e-type=\"widget\" data-widget_type=\"image.default\">\n\t\t\t\t<div class=\"elementor-widget-container\">\n\t\t\t\t\t\t\t\t\t\t\t\t\t\t\t<img loading=\"lazy\" decoding=\"async\" width=\"750\" height=\"394\" src=\"https:\/\/menschendecuba.de\/wp-content\/uploads\/2026\/01\/612618133_122253589286142899_155258257083098077_n-1024x538.jpg\" class=\"attachment-large size-large wp-image-2272\" alt=\"\" srcset=\"https:\/\/menschendecuba.de\/wp-content\/uploads\/2026\/01\/612618133_122253589286142899_155258257083098077_n-1024x538.jpg 1024w, https:\/\/menschendecuba.de\/wp-content\/uploads\/2026\/01\/612618133_122253589286142899_155258257083098077_n-300x158.jpg 300w, https:\/\/menschendecuba.de\/wp-content\/uploads\/2026\/01\/612618133_122253589286142899_155258257083098077_n-768x403.jpg 768w, https:\/\/menschendecuba.de\/wp-content\/uploads\/2026\/01\/612618133_122253589286142899_155258257083098077_n-18x9.jpg 18w, https:\/\/menschendecuba.de\/wp-content\/uploads\/2026\/01\/612618133_122253589286142899_155258257083098077_n.jpg 1200w\" sizes=\"(max-width: 750px) 100vw, 750px\" style=\"width:100%;height:52.5%;max-width:1200px\" \/>\t\t\t\t\t\t\t\t\t\t\t\t\t\t\t<\/div>\n\t\t\t\t<\/div>\n\t\t\t\t\t<\/div>\n\t\t<\/div>\n\t\t\t\t\t<\/div>\n\t\t<\/section>\n\t\t\t\t<section class=\"elementor-section elementor-top-section elementor-element elementor-element-ff7711e elementor-section-boxed elementor-section-height-default elementor-section-height-default\" data-id=\"ff7711e\" data-element_type=\"section\" data-e-type=\"section\">\n\t\t\t\t\t\t<div class=\"elementor-container elementor-column-gap-default\">\n\t\t\t\t\t<div class=\"elementor-column elementor-col-100 elementor-top-column elementor-element elementor-element-94536f1\" data-id=\"94536f1\" data-element_type=\"column\" data-e-type=\"column\">\n\t\t\t<div class=\"elementor-widget-wrap elementor-element-populated\">\n\t\t\t\t\t\t<div class=\"elementor-element elementor-element-05ba9df elementor-widget elementor-widget-text-editor\" data-id=\"05ba9df\" data-element_type=\"widget\" data-e-type=\"widget\" data-widget_type=\"text-editor.default\">\n\t\t\t\t<div class=\"elementor-widget-container\">\n\t\t\t\t\t\t\t\t\t<p lang=\"de-DE\">Otro golpe para el gobierno cubano lleg\u00f3 a principios de 2026 con los acontecimientos en Venezuela. El presidente venezolano Nicol\u00e1s Maduro fue detenido tras una operaci\u00f3n internacional. Durante d\u00e9cadas, Venezuela fue el principal aliado econ\u00f3mico de La Habana y suministr\u00f3 petr\u00f3leo subsidiado<\/p><p lang=\"de-DE\">Este apoyo fue fundamental para Cuba. Con el cambio pol\u00edtico en Caracas, ese modelo se derrumb\u00f3 en gran medida. Los env\u00edos de petr\u00f3leo disminuyeron dr\u00e1sticamente, agravando la crisis energ\u00e9tica en la isla.<\/p><p lang=\"de-DE\">Al mismo tiempo, Washington aument\u00f3 la presi\u00f3n pol\u00edtica sobre el gobierno cubano. La nueva estrategia estadounidense busca utilizar herramientas econ\u00f3micas y diplom\u00e1ticas para impulsar reformas pol\u00edticas y provocar un cambio de r\u00e9gimen en Cuba.<\/p>\t\t\t\t\t\t\t\t<\/div>\n\t\t\t\t<\/div>\n\t\t\t\t\t<\/div>\n\t\t<\/div>\n\t\t\t\t\t<\/div>\n\t\t<\/section>\n\t\t\t\t<section class=\"elementor-section elementor-top-section elementor-element elementor-element-8d3d953 elementor-section-boxed elementor-section-height-default elementor-section-height-default\" data-id=\"8d3d953\" data-element_type=\"section\" data-e-type=\"section\">\n\t\t\t\t\t\t<div class=\"elementor-container elementor-column-gap-default\">\n\t\t\t\t\t<div class=\"elementor-column elementor-col-100 elementor-top-column elementor-element elementor-element-8abf1b6\" data-id=\"8abf1b6\" data-element_type=\"column\" data-e-type=\"column\">\n\t\t\t<div class=\"elementor-widget-wrap\">\n\t\t\t\t\t\t\t<\/div>\n\t\t<\/div>\n\t\t\t\t\t<\/div>\n\t\t<\/section>\n\t\t\t\t<section class=\"elementor-section elementor-top-section elementor-element elementor-element-bf1a5d1 elementor-section-boxed elementor-section-height-default elementor-section-height-default\" data-id=\"bf1a5d1\" data-element_type=\"section\" data-e-type=\"section\">\n\t\t\t\t\t\t<div class=\"elementor-container elementor-column-gap-default\">\n\t\t\t\t\t<div class=\"elementor-column elementor-col-100 elementor-top-column elementor-element elementor-element-2d44070\" data-id=\"2d44070\" data-element_type=\"column\" data-e-type=\"column\">\n\t\t\t<div class=\"elementor-widget-wrap elementor-element-populated\">\n\t\t\t\t\t\t<div class=\"elementor-element elementor-element-156ed41 elementor-widget elementor-widget-heading\" data-id=\"156ed41\" data-element_type=\"widget\" data-e-type=\"widget\" data-widget_type=\"heading.default\">\n\t\t\t\t<div class=\"elementor-widget-container\">\n\t\t\t\t\t<h2 class=\"elementor-heading-title elementor-size-default\">El papel del Secretario de Estado Marco Rubio<\/h2>\t\t\t\t<\/div>\n\t\t\t\t<\/div>\n\t\t\t\t\t<\/div>\n\t\t<\/div>\n\t\t\t\t\t<\/div>\n\t\t<\/section>\n\t\t\t\t<section class=\"elementor-section elementor-top-section elementor-element elementor-element-9150799 elementor-section-boxed elementor-section-height-default elementor-section-height-default\" data-id=\"9150799\" data-element_type=\"section\" data-e-type=\"section\">\n\t\t\t\t\t\t<div class=\"elementor-container elementor-column-gap-default\">\n\t\t\t\t\t<div class=\"elementor-column elementor-col-100 elementor-top-column elementor-element elementor-element-a57bdee\" data-id=\"a57bdee\" data-element_type=\"column\" data-e-type=\"column\">\n\t\t\t<div class=\"elementor-widget-wrap elementor-element-populated\">\n\t\t\t\t\t\t<div class=\"elementor-element elementor-element-93bb360 elementor-widget elementor-widget-image\" data-id=\"93bb360\" data-element_type=\"widget\" data-e-type=\"widget\" data-widget_type=\"image.default\">\n\t\t\t\t<div class=\"elementor-widget-container\">\n\t\t\t\t\t\t\t\t\t\t\t\t\t\t\t<img loading=\"lazy\" decoding=\"async\" width=\"750\" height=\"422\" src=\"https:\/\/menschendecuba.de\/wp-content\/uploads\/2026\/03\/marco-rubio-e-cuba-1024x576.jpg\" class=\"attachment-large size-large wp-image-2298\" alt=\"\" srcset=\"https:\/\/menschendecuba.de\/wp-content\/uploads\/2026\/03\/marco-rubio-e-cuba-1024x576.jpg 1024w, https:\/\/menschendecuba.de\/wp-content\/uploads\/2026\/03\/marco-rubio-e-cuba-300x169.jpg 300w, https:\/\/menschendecuba.de\/wp-content\/uploads\/2026\/03\/marco-rubio-e-cuba-768x432.jpg 768w, https:\/\/menschendecuba.de\/wp-content\/uploads\/2026\/03\/marco-rubio-e-cuba-18x10.jpg 18w, https:\/\/menschendecuba.de\/wp-content\/uploads\/2026\/03\/marco-rubio-e-cuba.jpg 1366w\" sizes=\"(max-width: 750px) 100vw, 750px\" style=\"width:100%;height:56.22%;max-width:1366px\" \/>\t\t\t\t\t\t\t\t\t\t\t\t\t\t\t<\/div>\n\t\t\t\t<\/div>\n\t\t\t\t\t<\/div>\n\t\t<\/div>\n\t\t\t\t\t<\/div>\n\t\t<\/section>\n\t\t\t\t<section class=\"elementor-section elementor-top-section elementor-element elementor-element-bde2bdb elementor-section-boxed elementor-section-height-default elementor-section-height-default\" data-id=\"bde2bdb\" data-element_type=\"section\" data-e-type=\"section\">\n\t\t\t\t\t\t<div class=\"elementor-container elementor-column-gap-default\">\n\t\t\t\t\t<div class=\"elementor-column elementor-col-100 elementor-top-column elementor-element elementor-element-9f3d8e2\" data-id=\"9f3d8e2\" data-element_type=\"column\" data-e-type=\"column\">\n\t\t\t<div class=\"elementor-widget-wrap elementor-element-populated\">\n\t\t\t\t\t\t<div class=\"elementor-element elementor-element-140219d elementor-widget elementor-widget-text-editor\" data-id=\"140219d\" data-element_type=\"widget\" data-e-type=\"widget\" data-widget_type=\"text-editor.default\">\n\t\t\t\t<div class=\"elementor-widget-container\">\n\t\t\t\t\t\t\t\t\t<p data-start=\"167\" data-end=\"616\">El secretario de Estado de EE. UU. desempe\u00f1a un papel fundamental en esta nueva din\u00e1mica pol\u00edtica <span class=\"hover:entity-accent entity-underline inline cursor-pointer align-baseline\"><span class=\"whitespace-normal\">Marco Rubio<\/span><\/span>. Rubio, hijo de inmigrantes cubanos, mantiene una l\u00ednea mucho m\u00e1s dura con el Gobierno cubano que muchos de los anteriores Gobiernos estadounidenses. Mientras que las estrategias anteriores se centraban principalmente en el di\u00e1logo y en un acercamiento cauteloso, Washington aplica ahora una pol\u00edtica de m\u00e1xima presi\u00f3n pol\u00edtica y econ\u00f3mica.<\/p>\n<p data-start=\"618\" data-end=\"961\">Entre las medidas se incluyen, entre otras: la presi\u00f3n diplom\u00e1tica sobre los pa\u00edses que suministran petr\u00f3leo a Cuba; el aumento de las cr\u00edticas a los programas mediante los cuales se env\u00eda a profesionales cubanos al extranjero; las sanciones econ\u00f3micas contra las estructuras estatales del Gobierno cubano; as\u00ed como el apoyo a las fuerzas democr\u00e1ticas y a los medios de comunicaci\u00f3n independientes.<\/p>\n<p data-start=\"963\" data-end=\"1306\">Ya cuando era senador, Rubio ten\u00eda su principal base pol\u00edtica en el sur de Florida, especialmente entre la comunidad de exiliados cubanos. Este electorado lleva d\u00e9cadas siguiendo con gran atenci\u00f3n los acontecimientos en la isla y, en su mayor\u00eda, apoya una l\u00ednea pol\u00edtica dura frente al r\u00e9gimen comunista de La Habana.<\/p>\n<p data-start=\"1308\" data-end=\"1763\">Las conversaciones pol\u00edticas entre Washington y el Gobierno cubano, que se han hecho p\u00fablicas desde el 13 de marzo, est\u00e1n dirigidas en gran medida por Rubio. Para ello, cuenta con la plena confianza del presidente de Estados Unidos. <span class=\"hover:entity-accent entity-underline inline cursor-pointer align-baseline\"><span class=\"whitespace-normal\">Donald Trump<\/span><\/span>, quien le ha encomendado la misi\u00f3n pol\u00edtica de llevar las negociaciones a un resultado que satisfaga tanto los intereses estrat\u00e9gicos de Estados Unidos como las expectativas de muchos cubanos exiliados.<\/p>\n<p data-start=\"1765\" data-end=\"1965\" data-is-last-node=\"\" data-is-only-node=\"\">Para gran parte de esta comunidad, el objetivo pol\u00edtico principal sigue siendo el mismo: el fin del r\u00e9gimen comunista en Cuba y el inicio de una transici\u00f3n democr\u00e1tica en la isla.<\/p>\n<p lang=\"de-DE\">Desde el punto de vista de muchos activistas de la sociedad civil cubana, esta presi\u00f3n es una reacci\u00f3n directa a las oportunidades de reforma que se han dejado pasar durante d\u00e9cadas. Tanto los anteriores gobiernos de Estados Unidos como la Uni\u00f3n Europea hab\u00edan intentado en repetidas ocasiones fomentar la apertura pol\u00edtica a trav\u00e9s del di\u00e1logo. Sin embargo, no se llevaron a cabo reformas fundamentales. Por ello, muchos activistas sostienen que ahora es necesaria una mayor presi\u00f3n internacional para hacer posible un cambio real.<\/p>\t\t\t\t\t\t\t\t<\/div>\n\t\t\t\t<\/div>\n\t\t\t\t\t<\/div>\n\t\t<\/div>\n\t\t\t\t\t<\/div>\n\t\t<\/section>\n\t\t\t\t<section class=\"elementor-section elementor-top-section elementor-element elementor-element-f44f5d0 elementor-section-boxed elementor-section-height-default elementor-section-height-default\" data-id=\"f44f5d0\" data-element_type=\"section\" data-e-type=\"section\">\n\t\t\t\t\t\t<div class=\"elementor-container elementor-column-gap-default\">\n\t\t\t\t\t<div class=\"elementor-column elementor-col-100 elementor-top-column elementor-element elementor-element-beede17\" data-id=\"beede17\" data-element_type=\"column\" data-e-type=\"column\">\n\t\t\t<div class=\"elementor-widget-wrap elementor-element-populated\">\n\t\t\t\t\t\t<div class=\"elementor-element elementor-element-fb3da10 elementor-widget elementor-widget-heading\" data-id=\"fb3da10\" data-element_type=\"widget\" data-e-type=\"widget\" data-widget_type=\"heading.default\">\n\t\t\t\t<div class=\"elementor-widget-container\">\n\t\t\t\t\t<h2 class=\"elementor-heading-title elementor-size-default\">La perspectiva de la sociedad civil independiente<\/h2>\t\t\t\t<\/div>\n\t\t\t\t<\/div>\n\t\t\t\t\t<\/div>\n\t\t<\/div>\n\t\t\t\t\t<\/div>\n\t\t<\/section>\n\t\t\t\t<section class=\"elementor-section elementor-top-section elementor-element elementor-element-1cf5fd7 elementor-section-boxed elementor-section-height-default elementor-section-height-default\" data-id=\"1cf5fd7\" data-element_type=\"section\" data-e-type=\"section\">\n\t\t\t\t\t\t<div class=\"elementor-container elementor-column-gap-default\">\n\t\t\t\t\t<div class=\"elementor-column elementor-col-100 elementor-top-column elementor-element elementor-element-ffa125b\" data-id=\"ffa125b\" data-element_type=\"column\" data-e-type=\"column\">\n\t\t\t<div class=\"elementor-widget-wrap elementor-element-populated\">\n\t\t\t\t\t\t<div class=\"elementor-element elementor-element-653f7ee elementor-widget elementor-widget-image\" data-id=\"653f7ee\" data-element_type=\"widget\" data-e-type=\"widget\" data-widget_type=\"image.default\">\n\t\t\t\t<div class=\"elementor-widget-container\">\n\t\t\t\t\t\t\t\t\t\t\t\t\t\t\t<img loading=\"lazy\" decoding=\"async\" width=\"750\" height=\"423\" src=\"https:\/\/menschendecuba.de\/wp-content\/uploads\/2026\/03\/Protestas-Abagon-1024x577.jpg\" class=\"attachment-large size-large wp-image-2299\" alt=\"\" srcset=\"https:\/\/menschendecuba.de\/wp-content\/uploads\/2026\/03\/Protestas-Abagon-1024x577.jpg 1024w, https:\/\/menschendecuba.de\/wp-content\/uploads\/2026\/03\/Protestas-Abagon-300x169.jpg 300w, https:\/\/menschendecuba.de\/wp-content\/uploads\/2026\/03\/Protestas-Abagon-768x433.jpg 768w, https:\/\/menschendecuba.de\/wp-content\/uploads\/2026\/03\/Protestas-Abagon-18x10.jpg 18w, https:\/\/menschendecuba.de\/wp-content\/uploads\/2026\/03\/Protestas-Abagon.bmp 1187w\" sizes=\"(max-width: 750px) 100vw, 750px\" style=\"width:100%;height:56.36%;max-width:1187px\" \/>\t\t\t\t\t\t\t\t\t\t\t\t\t\t\t<\/div>\n\t\t\t\t<\/div>\n\t\t\t\t\t<\/div>\n\t\t<\/div>\n\t\t\t\t\t<\/div>\n\t\t<\/section>\n\t\t\t\t<section class=\"elementor-section elementor-top-section elementor-element elementor-element-cf348be elementor-section-boxed elementor-section-height-default elementor-section-height-default\" data-id=\"cf348be\" data-element_type=\"section\" data-e-type=\"section\">\n\t\t\t\t\t\t<div class=\"elementor-container elementor-column-gap-default\">\n\t\t\t\t\t<div class=\"elementor-column elementor-col-100 elementor-top-column elementor-element elementor-element-249fa6a\" data-id=\"249fa6a\" data-element_type=\"column\" data-e-type=\"column\">\n\t\t\t<div class=\"elementor-widget-wrap elementor-element-populated\">\n\t\t\t\t\t\t<div class=\"elementor-element elementor-element-f175f7d elementor-widget elementor-widget-text-editor\" data-id=\"f175f7d\" data-element_type=\"widget\" data-e-type=\"widget\" data-widget_type=\"text-editor.default\">\n\t\t\t\t<div class=\"elementor-widget-container\">\n\t\t\t\t\t\t\t\t\t<p lang=\"de-DE\">A pesar de todas las crisis, en Cuba est\u00e1 surgiendo una nueva din\u00e1mica social. Periodistas, artistas, estudiantes, activistas y organizaciones ciudadanas forman una sociedad civil independiente cada vez m\u00e1s visible.<\/p><p lang=\"de-DE\">Estos grupos defienden una visi\u00f3n clara del futuro del pa\u00eds: elecciones libres y pluralistas; un sistema multipartidista, el Estado de derecho y la separaci\u00f3n de poderes; la libertad econ\u00f3mica y la econom\u00eda de mercado; la liberaci\u00f3n de todos los presos pol\u00edticos, as\u00ed como el pleno respeto de los derechos humanos universales.<\/p><p lang=\"de-DE\">Muchas personas en la isla ven la actual presi\u00f3n econ\u00f3mica y pol\u00edtica tambi\u00e9n como una oportunidad hist\u00f3rica. Por primera vez en d\u00e9cadas, el sistema pol\u00edtico parece estar sometido a una presi\u00f3n considerable. Para muchos cubanos, hoy en d\u00eda se aplica un principio democr\u00e1tico fundamental:<\/p><p><strong><span lang=\"de-DE\">El pueblo <\/span><\/strong><strong><span lang=\"de-DE\">se rebela<\/span><\/strong><strong><span lang=\"de-DE\"> contra un partido<\/span><\/strong><strong><span lang=\"de-DE\"> que ha perdido el derecho a representarlo.<\/span><\/strong><\/p>\t\t\t\t\t\t\t\t<\/div>\n\t\t\t\t<\/div>\n\t\t\t\t\t<\/div>\n\t\t<\/div>\n\t\t\t\t\t<\/div>\n\t\t<\/section>\n\t\t\t\t<section class=\"elementor-section elementor-top-section elementor-element elementor-element-5f0e455 elementor-section-boxed elementor-section-height-default elementor-section-height-default\" data-id=\"5f0e455\" data-element_type=\"section\" data-e-type=\"section\">\n\t\t\t\t\t\t<div class=\"elementor-container elementor-column-gap-default\">\n\t\t\t\t\t<div class=\"elementor-column elementor-col-100 elementor-top-column elementor-element elementor-element-3bfc1de\" data-id=\"3bfc1de\" data-element_type=\"column\" data-e-type=\"column\">\n\t\t\t<div class=\"elementor-widget-wrap elementor-element-populated\">\n\t\t\t\t\t\t<div class=\"elementor-element elementor-element-418ab50 elementor-widget elementor-widget-heading\" data-id=\"418ab50\" data-element_type=\"widget\" data-e-type=\"widget\" data-widget_type=\"heading.default\">\n\t\t\t\t<div class=\"elementor-widget-container\">\n\t\t\t\t\t<h2 class=\"elementor-heading-title elementor-size-default\">Cuba ante una desici\u00f3n hist\u00f3rica<\/h2>\t\t\t\t<\/div>\n\t\t\t\t<\/div>\n\t\t\t\t\t<\/div>\n\t\t<\/div>\n\t\t\t\t\t<\/div>\n\t\t<\/section>\n\t\t\t\t<section class=\"elementor-section elementor-top-section elementor-element elementor-element-990dd95 elementor-section-boxed elementor-section-height-default elementor-section-height-default\" data-id=\"990dd95\" data-element_type=\"section\" data-e-type=\"section\">\n\t\t\t\t\t\t<div class=\"elementor-container elementor-column-gap-default\">\n\t\t\t\t\t<div class=\"elementor-column elementor-col-100 elementor-top-column elementor-element elementor-element-66bca02\" data-id=\"66bca02\" data-element_type=\"column\" data-e-type=\"column\">\n\t\t\t<div class=\"elementor-widget-wrap elementor-element-populated\">\n\t\t\t\t\t\t<div class=\"elementor-element elementor-element-bf52bd1 elementor-widget elementor-widget-text-editor\" data-id=\"bf52bd1\" data-element_type=\"widget\" data-e-type=\"widget\" data-widget_type=\"text-editor.default\">\n\t\t\t\t<div class=\"elementor-widget-container\">\n\t\t\t\t\t\t\t\t\t<p lang=\"de-DE\">Cuba se encuentra hoy en un momento decisivo de su historia. El colapso econ\u00f3mico, los cambios geopol\u00edticos y el creciente valor de la poblaci\u00f3n plantean enormes retos al sistema actual. Muchas personas est\u00e1n dispuestas a aceptar grandes privaciones personales si ello conduce a un verdadero cambio pol\u00edtico. Tras m\u00e1s de seis d\u00e9cadas de r\u00e9gimen comunista, muchos cubanos consideran que las reformas fundamentales se han vuelto inevitables.<\/p><p lang=\"de-DE\">El deseo de muchos ciudadanos es una transici\u00f3n pac\u00edfica hacia un sistema democr\u00e1tico que garantice la libertad, la dignidad y las oportunidades econ\u00f3micas para todos. Sin embargo, si el Gobierno comunista sigue respondiendo al creciente descontento y a las protestas con represi\u00f3n, violencia e injusticia, la gente est\u00e1 dispuesta, en defensa propia, a recurrir a otra forma de protesta, como las recientes manifestaciones en medio de la oscuridad provocada por los cortes de electricidad.<\/p><p lang=\"de-DE\">Las pr\u00f3ximas semanas ser\u00e1n decisivas para determinar si Cuba sigue sumida en una espiral de crisis y represi\u00f3n, o si los comunistas en el poder encuentran el valor para emprender un nuevo camino. El Gobierno comunista se encuentra muy debilitado y pierde cada d\u00eda m\u00e1s apoyo entre la poblaci\u00f3n. En las negociaciones pol\u00edticas ahora anunciadas entre el Gobierno de EE. UU. y los dirigentes comunistas de La Habana, est\u00e1 claro qui\u00e9n tiene la sart\u00e9n por el mango.  En las negociaciones, a los comunistas les servir\u00e1n de poco las consignas de resistencia y el aferramiento al socialismo.<\/p><p><span lang=\"de-DE\">La sociedad civil independiente <\/span><span lang=\"de-DE\">cubana <\/span><span lang=\"de-DE\">tiene esto claro: <\/span><strong><span lang=\"de-DE\">El cambio ya no es solo una esperanza: es <\/span><\/strong><strong><span lang=\"de-DE\">est\u00e1 al alcance de la mano, porque <\/span><\/strong><strong><span lang=\"de-DE\">se ha convertido en una necesidad hist\u00f3rica <\/span><\/strong><strong><span lang=\"de-DE\">.<\/span><\/strong><strong><span lang=\"de-DE\">.<\/span><\/strong><\/p>\t\t\t\t\t\t\t\t<\/div>\n\t\t\t\t<\/div>\n\t\t\t\t\t<\/div>\n\t\t<\/div>\n\t\t\t\t\t<\/div>\n\t\t<\/section>\n\t\t\t\t<section class=\"elementor-section elementor-top-section elementor-element elementor-element-bf18aa2 elementor-section-boxed elementor-section-height-default elementor-section-height-default\" data-id=\"bf18aa2\" data-element_type=\"section\" data-e-type=\"section\">\n\t\t\t\t\t\t<div class=\"elementor-container elementor-column-gap-default\">\n\t\t\t\t\t<div class=\"elementor-column elementor-col-100 elementor-top-column elementor-element elementor-element-3e95c5e\" data-id=\"3e95c5e\" data-element_type=\"column\" data-e-type=\"column\">\n\t\t\t<div class=\"elementor-widget-wrap elementor-element-populated\">\n\t\t\t\t\t\t<div class=\"elementor-element elementor-element-fa8de82 elementor-widget elementor-widget-image\" data-id=\"fa8de82\" data-element_type=\"widget\" data-e-type=\"widget\" data-widget_type=\"image.default\">\n\t\t\t\t<div class=\"elementor-widget-container\">\n\t\t\t\t\t\t\t\t\t\t\t\t\t\t\t<img loading=\"lazy\" decoding=\"async\" width=\"750\" height=\"563\" src=\"https:\/\/menschendecuba.de\/wp-content\/uploads\/2025\/12\/598418084_1394295788942505_868829618515443248_n-1024x768.jpg\" class=\"attachment-large size-large wp-image-2241\" alt=\"\" srcset=\"https:\/\/menschendecuba.de\/wp-content\/uploads\/2025\/12\/598418084_1394295788942505_868829618515443248_n-1024x768.jpg 1024w, https:\/\/menschendecuba.de\/wp-content\/uploads\/2025\/12\/598418084_1394295788942505_868829618515443248_n-300x225.jpg 300w, https:\/\/menschendecuba.de\/wp-content\/uploads\/2025\/12\/598418084_1394295788942505_868829618515443248_n-768x576.jpg 768w, https:\/\/menschendecuba.de\/wp-content\/uploads\/2025\/12\/598418084_1394295788942505_868829618515443248_n-1536x1152.jpg 1536w, https:\/\/menschendecuba.de\/wp-content\/uploads\/2025\/12\/598418084_1394295788942505_868829618515443248_n-16x12.jpg 16w, https:\/\/menschendecuba.de\/wp-content\/uploads\/2025\/12\/598418084_1394295788942505_868829618515443248_n-1568x1176.jpg 1568w, https:\/\/menschendecuba.de\/wp-content\/uploads\/2025\/12\/598418084_1394295788942505_868829618515443248_n.jpg 2048w\" sizes=\"(max-width: 750px) 100vw, 750px\" style=\"width:100%;height:75%;max-width:2048px\" \/>\t\t\t\t\t\t\t\t\t\t\t\t\t\t\t<\/div>\n\t\t\t\t<\/div>\n\t\t\t\t\t<\/div>\n\t\t<\/div>\n\t\t\t\t\t<\/div>\n\t\t<\/section>\n\t\t\t\t<\/div>","protected":false},"excerpt":{"rendered":"<p>La asociaci\u00f3n germano-cubana MenschenDeCuba e. V. muestra su solidaridad con el proyecto medi\u00e1tico independiente cubano El4tico, cuyos fundadores, Ernesto Ricardo Medina y Kamil Zayas P\u00e9rez, fueron detenidos en febrero de 2026 por sus publicaciones cr\u00edticas en Internet. Su proyecto es representativo de una joven generaci\u00f3n de cubanas y cubanos que utilizan las redes sociales para debatir sobre pol\u00edtica, sociedad y derechos.\n\nMenschenDeCuba e. V. exige su liberaci\u00f3n inmediata y aboga por la libertad de expresi\u00f3n, as\u00ed como por el apoyo a iniciativas independientes de la sociedad civil. Ambas organizaciones se han presentado conjuntamente al programa CCP Synergy del Instituto ifa con el fin de reforzar su colaboraci\u00f3n y fomentar el intercambio entre las sociedades civiles. El objetivo es animar a la juventud cubana a conocer sus derechos y a participar activamente en un futuro democr\u00e1tico.<\/p>\n<p>MenschenDeCuba e. V. fordert ihre sofortige Freilassung und setzt sich f\u00fcr Meinungsfreiheit sowie die Unterst\u00fctzung unabh\u00e4ngiger zivilgesellschaftlicher Initiativen ein. Gemeinsam haben beide Organisationen sich beim CCP Synergy-Programm des ifa-Instituts beworben, um ihre Zusammenarbeit zu st\u00e4rken und den Austausch zwischen Zivilgesellschaften zu f\u00f6rdern. Ziel ist es, die kubanische Jugend zu ermutigen, ihre Rechte zu kennen und aktiv an einer demokratischen Zukunft mitzuwirken.<\/p>","protected":false},"author":1,"featured_media":2296,"comment_status":"open","ping_status":"open","sticky":false,"template":"","format":"standard","meta":{"footnotes":""},"categories":[9],"tags":[],"class_list":["post-2292","post","type-post","status-publish","format-standard","has-post-thumbnail","hentry","category-blog","entry"],"_links":{"self":[{"href":"https:\/\/menschendecuba.de\/es\/wp-json\/wp\/v2\/posts\/2292","targetHints":{"allow":["GET"]}}],"collection":[{"href":"https:\/\/menschendecuba.de\/es\/wp-json\/wp\/v2\/posts"}],"about":[{"href":"https:\/\/menschendecuba.de\/es\/wp-json\/wp\/v2\/types\/post"}],"author":[{"embeddable":true,"href":"https:\/\/menschendecuba.de\/es\/wp-json\/wp\/v2\/users\/1"}],"replies":[{"embeddable":true,"href":"https:\/\/menschendecuba.de\/es\/wp-json\/wp\/v2\/comments?post=2292"}],"version-history":[{"count":20,"href":"https:\/\/menschendecuba.de\/es\/wp-json\/wp\/v2\/posts\/2292\/revisions"}],"predecessor-version":[{"id":2342,"href":"https:\/\/menschendecuba.de\/es\/wp-json\/wp\/v2\/posts\/2292\/revisions\/2342"}],"wp:featuredmedia":[{"embeddable":true,"href":"https:\/\/menschendecuba.de\/es\/wp-json\/wp\/v2\/media\/2296"}],"wp:attachment":[{"href":"https:\/\/menschendecuba.de\/es\/wp-json\/wp\/v2\/media?parent=2292"}],"wp:term":[{"taxonomy":"category","embeddable":true,"href":"https:\/\/menschendecuba.de\/es\/wp-json\/wp\/v2\/categories?post=2292"},{"taxonomy":"post_tag","embeddable":true,"href":"https:\/\/menschendecuba.de\/es\/wp-json\/wp\/v2\/tags?post=2292"}],"curies":[{"name":"wp","href":"https:\/\/api.w.org\/{rel}","templated":true}]}}