{"id":2280,"date":"2026-03-12T22:42:07","date_gmt":"2026-03-12T22:42:07","guid":{"rendered":"https:\/\/menschendecuba.de\/?p=2280"},"modified":"2026-03-12T23:32:39","modified_gmt":"2026-03-12T23:32:39","slug":"nein-zum-mrderkult-demonstration-gegen-die-verherrlichung-von-che-guevara-in-berlin","status":"publish","type":"post","link":"https:\/\/menschendecuba.de\/es\/blog\/2026\/03\/12\/nein-zum-mrderkult-demonstration-gegen-die-verherrlichung-von-che-guevara-in-berlin\/","title":{"rendered":"No al culto al asesino: manifestaci\u00f3n contra la glorificaci\u00f3n de Che Guevara en Berl\u00edn"},"content":{"rendered":"<div data-elementor-type=\"wp-post\" data-elementor-id=\"2280\" class=\"elementor elementor-2280\" data-elementor-post-type=\"post\">\n\t\t\t\t\t\t<section class=\"elementor-section elementor-top-section elementor-element elementor-element-6b0cf4b3 elementor-section-full_width elementor-section-height-default elementor-section-height-default\" data-id=\"6b0cf4b3\" data-element_type=\"section\" data-e-type=\"section\">\n\t\t\t\t\t\t<div class=\"elementor-container elementor-column-gap-no\">\n\t\t\t\t\t<div class=\"elementor-column elementor-col-100 elementor-top-column elementor-element elementor-element-1ab301d4\" data-id=\"1ab301d4\" data-element_type=\"column\" data-e-type=\"column\">\n\t\t\t<div class=\"elementor-widget-wrap elementor-element-populated\">\n\t\t\t\t\t\t<div class=\"elementor-element elementor-element-8c56736 elementor-widget elementor-widget-text-editor\" data-id=\"8c56736\" data-element_type=\"widget\" data-e-type=\"widget\" data-widget_type=\"text-editor.default\">\n\t\t\t\t<div class=\"elementor-widget-container\">\n\t\t\t\t\t\t\t\t\t<p data-start=\"102\" data-end=\"532\"><strong>M\u00fcnchen, 12. M\u00e4rz 2026. <\/strong>El 11 de abril de 2026 se entregar\u00e1 el Premio Rosa Luxemburg a Aleida Guevara en el cine Babylon, situado en la plaza Rosa-Luxemburg de Berl\u00edn. La hija del revolucionario Ernesto \u00abChe\u00bb Guevara ser\u00e1 presentada por los organizadores como s\u00edmbolo de la solidaridad internacional y como voz de la Cuba socialista.<\/p><p data-start=\"414\" data-end=\"725\">Sin embargo, desde el punto de vista de la sociedad civil independiente cubana y de la Asociaci\u00f3n MenschenDeCuba e.V., este acto supone una problem\u00e1tica glorificaci\u00f3n de una figura hist\u00f3rica cuya actuaci\u00f3n pol\u00edtica est\u00e1 ligada a la violencia, la represi\u00f3n y graves violaciones de los derechos humanos.<\/p><p data-start=\"727\" data-end=\"1112\">Por ello, hacemos un llamamiento a todas las personas que defienden la democracia, los derechos humanos y la libertad del pueblo cubano para que participen en una manifestaci\u00f3n pac\u00edfica en el lugar de la entrega de premios. Nuestro objetivo es enviar un mensaje en contra de la representaci\u00f3n idealizada de la violencia y de la instrumentalizaci\u00f3n de figuras hist\u00f3ricas con fines de propaganda pol\u00edtica.<\/p><p><!-- \/wp:paragraph --><\/p>\t\t\t\t\t\t\t\t<\/div>\n\t\t\t\t<\/div>\n\t\t\t\t\t<\/div>\n\t\t<\/div>\n\t\t\t\t\t<\/div>\n\t\t<\/section>\n\t\t\t\t<section class=\"elementor-section elementor-top-section elementor-element elementor-element-a5940da elementor-section-boxed elementor-section-height-default elementor-section-height-default\" data-id=\"a5940da\" data-element_type=\"section\" data-e-type=\"section\">\n\t\t\t\t\t\t<div class=\"elementor-container elementor-column-gap-default\">\n\t\t\t\t\t<div class=\"elementor-column elementor-col-100 elementor-top-column elementor-element elementor-element-4ba6f1a\" data-id=\"4ba6f1a\" data-element_type=\"column\" data-e-type=\"column\">\n\t\t\t<div class=\"elementor-widget-wrap elementor-element-populated\">\n\t\t\t\t\t\t<div class=\"elementor-element elementor-element-08f3b6b elementor-widget elementor-widget-image\" data-id=\"08f3b6b\" data-element_type=\"widget\" data-e-type=\"widget\" data-widget_type=\"image.default\">\n\t\t\t\t<div class=\"elementor-widget-container\">\n\t\t\t\t\t\t\t\t\t\t\t\t\t\t\t<img fetchpriority=\"high\" decoding=\"async\" width=\"750\" height=\"711\" src=\"https:\/\/menschendecuba.de\/wp-content\/uploads\/2026\/03\/628407734_1960908808157817_3430062768333726740_n.jpg\" class=\"attachment-large size-large wp-image-2282\" alt=\"\" srcset=\"https:\/\/menschendecuba.de\/wp-content\/uploads\/2026\/03\/628407734_1960908808157817_3430062768333726740_n.jpg 842w, https:\/\/menschendecuba.de\/wp-content\/uploads\/2026\/03\/628407734_1960908808157817_3430062768333726740_n-300x284.jpg 300w, https:\/\/menschendecuba.de\/wp-content\/uploads\/2026\/03\/628407734_1960908808157817_3430062768333726740_n-768x728.jpg 768w, https:\/\/menschendecuba.de\/wp-content\/uploads\/2026\/03\/628407734_1960908808157817_3430062768333726740_n-13x12.jpg 13w\" sizes=\"(max-width: 750px) 100vw, 750px\" style=\"width:100%;height:94.77%;max-width:842px\" \/>\t\t\t\t\t\t\t\t\t\t\t\t\t\t\t<\/div>\n\t\t\t\t<\/div>\n\t\t\t\t\t<\/div>\n\t\t<\/div>\n\t\t\t\t\t<\/div>\n\t\t<\/section>\n\t\t\t\t<section class=\"elementor-section elementor-top-section elementor-element elementor-element-deb1c12 elementor-section-boxed elementor-section-height-default elementor-section-height-default\" data-id=\"deb1c12\" data-element_type=\"section\" data-e-type=\"section\">\n\t\t\t\t\t\t<div class=\"elementor-container elementor-column-gap-default\">\n\t\t\t\t\t<div class=\"elementor-column elementor-col-100 elementor-top-column elementor-element elementor-element-84eda5b\" data-id=\"84eda5b\" data-element_type=\"column\" data-e-type=\"column\">\n\t\t\t<div class=\"elementor-widget-wrap elementor-element-populated\">\n\t\t\t\t\t\t<div class=\"elementor-element elementor-element-626793c elementor-widget elementor-widget-heading\" data-id=\"626793c\" data-element_type=\"widget\" data-e-type=\"widget\" data-widget_type=\"heading.default\">\n\t\t\t\t<div class=\"elementor-widget-container\">\n\t\t\t\t\t<h2 class=\"elementor-heading-title elementor-size-default\">Aleida Guevara y el legado de su padre<\/h2>\t\t\t\t<\/div>\n\t\t\t\t<\/div>\n\t\t\t\t\t<\/div>\n\t\t<\/div>\n\t\t\t\t\t<\/div>\n\t\t<\/section>\n\t\t\t\t<section class=\"elementor-section elementor-top-section elementor-element elementor-element-1bc3628 elementor-section-boxed elementor-section-height-default elementor-section-height-default\" data-id=\"1bc3628\" data-element_type=\"section\" data-e-type=\"section\">\n\t\t\t\t\t\t<div class=\"elementor-container elementor-column-gap-default\">\n\t\t\t\t\t<div class=\"elementor-column elementor-col-100 elementor-top-column elementor-element elementor-element-bfca777\" data-id=\"bfca777\" data-element_type=\"column\" data-e-type=\"column\">\n\t\t\t<div class=\"elementor-widget-wrap elementor-element-populated\">\n\t\t\t\t\t\t<div class=\"elementor-element elementor-element-482c1b5 elementor-widget elementor-widget-text-editor\" data-id=\"482c1b5\" data-element_type=\"widget\" data-e-type=\"widget\" data-widget_type=\"text-editor.default\">\n\t\t\t\t<div class=\"elementor-widget-container\">\n\t\t\t\t\t\t\t\t\t<p data-start=\"1169\" data-end=\"1478\">Aleida Guevara es pediatra y lleva muchos a\u00f1os participando en proyectos internacionales. Muchos consideran que este compromiso no es m\u00e1s que una maniobra propagand\u00edstica a favor del Gobierno comunista de La Habana. Por eso, su papel p\u00fablico siempre estar\u00e1 indisolublemente ligado a la figura pol\u00edtica emblem\u00e1tica de su padre, Ernesto \u00abChe\u00bb Guevara.<\/p><p data-start=\"1480\" data-end=\"1882\">Che Guevara es considerado en todo el mundo un icono de la revoluci\u00f3n y la resistencia. Sin embargo, los documentos hist\u00f3ricos y numerosos estudios revelan tambi\u00e9n otra cara de la moneda: como comandante de la Revoluci\u00f3n Cubana, particip\u00f3 en tribunales revolucionarios y fue responsable de ejecuciones de opositores pol\u00edticos y de otras violaciones masivas de los derechos humanos. Estos hechos forman parte de la realidad hist\u00f3rica tanto como el mito del rom\u00e1ntico guerrillero.<\/p><p data-start=\"1884\" data-end=\"2129\">Por lo tanto, queremos cuestionar cr\u00edticamente una entrega de premios que se base en este simbolismo, especialmente en una ciudad como Berl\u00edn, cuya historia est\u00e1 estrechamente ligada a las experiencias de la dictadura, la violencia y la opresi\u00f3n pol\u00edtica.<\/p>\t\t\t\t\t\t\t\t<\/div>\n\t\t\t\t<\/div>\n\t\t\t\t\t<\/div>\n\t\t<\/div>\n\t\t\t\t\t<\/div>\n\t\t<\/section>\n\t\t\t\t<section class=\"elementor-section elementor-top-section elementor-element elementor-element-070402e elementor-section-boxed elementor-section-height-default elementor-section-height-default\" data-id=\"070402e\" data-element_type=\"section\" data-e-type=\"section\">\n\t\t\t\t\t\t<div class=\"elementor-container elementor-column-gap-default\">\n\t\t\t\t\t<div class=\"elementor-column elementor-col-100 elementor-top-column elementor-element elementor-element-36b8030\" data-id=\"36b8030\" data-element_type=\"column\" data-e-type=\"column\">\n\t\t\t<div class=\"elementor-widget-wrap elementor-element-populated\">\n\t\t\t\t\t\t<div class=\"elementor-element elementor-element-8ccf5bc elementor-widget elementor-widget-image\" data-id=\"8ccf5bc\" data-element_type=\"widget\" data-e-type=\"widget\" data-widget_type=\"image.default\">\n\t\t\t\t<div class=\"elementor-widget-container\">\n\t\t\t\t\t\t\t\t\t\t\t\t\t\t\t<img decoding=\"async\" width=\"750\" height=\"497\" src=\"https:\/\/menschendecuba.de\/wp-content\/uploads\/2026\/03\/aleida-1024x678.jpg\" class=\"attachment-large size-large wp-image-2281\" alt=\"\" srcset=\"https:\/\/menschendecuba.de\/wp-content\/uploads\/2026\/03\/aleida-1024x678.jpg 1024w, https:\/\/menschendecuba.de\/wp-content\/uploads\/2026\/03\/aleida-300x199.jpg 300w, https:\/\/menschendecuba.de\/wp-content\/uploads\/2026\/03\/aleida-768x509.jpg 768w, https:\/\/menschendecuba.de\/wp-content\/uploads\/2026\/03\/aleida-18x12.jpg 18w, https:\/\/menschendecuba.de\/wp-content\/uploads\/2026\/03\/aleida.jpg 1452w\" sizes=\"(max-width: 750px) 100vw, 750px\" style=\"width:100%;height:66.25%;max-width:1452px\" \/>\t\t\t\t\t\t\t\t\t\t\t\t\t\t\t<\/div>\n\t\t\t\t<\/div>\n\t\t\t\t<div class=\"elementor-element elementor-element-2e55b74 elementor-widget elementor-widget-heading\" data-id=\"2e55b74\" data-element_type=\"widget\" data-e-type=\"widget\" data-widget_type=\"heading.default\">\n\t\t\t\t<div class=\"elementor-widget-container\">\n\t\t\t\t\t<h2 class=\"elementor-heading-title elementor-size-default\">Cuba hoy: entre la ret\u00f3rica de la solidaridad y la falta de libertades<\/h2>\t\t\t\t<\/div>\n\t\t\t\t<\/div>\n\t\t\t\t\t<\/div>\n\t\t<\/div>\n\t\t\t\t\t<\/div>\n\t\t<\/section>\n\t\t\t\t<section class=\"elementor-section elementor-top-section elementor-element elementor-element-066a7ab elementor-section-boxed elementor-section-height-default elementor-section-height-default\" data-id=\"066a7ab\" data-element_type=\"section\" data-e-type=\"section\">\n\t\t\t\t\t\t<div class=\"elementor-container elementor-column-gap-default\">\n\t\t\t\t\t<div class=\"elementor-column elementor-col-100 elementor-top-column elementor-element elementor-element-2e04d7d\" data-id=\"2e04d7d\" data-element_type=\"column\" data-e-type=\"column\">\n\t\t\t<div class=\"elementor-widget-wrap\">\n\t\t\t\t\t\t\t<\/div>\n\t\t<\/div>\n\t\t\t\t\t<\/div>\n\t\t<\/section>\n\t\t\t\t<section class=\"elementor-section elementor-top-section elementor-element elementor-element-f25c80d elementor-section-boxed elementor-section-height-default elementor-section-height-default\" data-id=\"f25c80d\" data-element_type=\"section\" data-e-type=\"section\">\n\t\t\t\t\t\t<div class=\"elementor-container elementor-column-gap-default\">\n\t\t\t\t\t<div class=\"elementor-column elementor-col-100 elementor-top-column elementor-element elementor-element-70ff65d\" data-id=\"70ff65d\" data-element_type=\"column\" data-e-type=\"column\">\n\t\t\t<div class=\"elementor-widget-wrap elementor-element-populated\">\n\t\t\t\t\t\t<div class=\"elementor-element elementor-element-c97ae05 elementor-widget elementor-widget-text-editor\" data-id=\"c97ae05\" data-element_type=\"widget\" data-e-type=\"widget\" data-widget_type=\"text-editor.default\">\n\t\t\t\t<div class=\"elementor-widget-container\">\n\t\t\t\t\t\t\t\t\t<p data-start=\"2212\" data-end=\"2487\">El Gobierno cubano suele presentar su sistema pol\u00edtico a nivel internacional como un modelo de justicia social y soberan\u00eda nacional. Al mismo tiempo, numerosas organizaciones internacionales denuncian violaciones masivas y graves de los derechos humanos en la isla.<\/p><p data-start=\"2489\" data-end=\"2763\">Los medios de comunicaci\u00f3n independientes, la oposici\u00f3n pol\u00edtica y las iniciativas de la sociedad civil siguen enfrent\u00e1ndose a importantes restricciones en Cuba. En los \u00faltimos a\u00f1os, muchos activistas han sido detenidos por participar en protestas pac\u00edficas o por expresar opiniones cr\u00edticas.<\/p><p data-start=\"2765\" data-end=\"3046\">Por ello, desde el punto de vista de muchos cubanos exiliados y activistas independientes, resulta problem\u00e1tico que en Europa se rinda homenaje p\u00fablicamente a representantes pol\u00edticos o figuras emblem\u00e1ticas del sistema cubano sin abordar al mismo tiempo la situaci\u00f3n de los derechos humanos en el pa\u00eds<\/p>\t\t\t\t\t\t\t\t<\/div>\n\t\t\t\t<\/div>\n\t\t\t\t\t<\/div>\n\t\t<\/div>\n\t\t\t\t\t<\/div>\n\t\t<\/section>\n\t\t\t\t<section class=\"elementor-section elementor-top-section elementor-element elementor-element-2076c9d elementor-section-boxed elementor-section-height-default elementor-section-height-default\" data-id=\"2076c9d\" data-element_type=\"section\" data-e-type=\"section\">\n\t\t\t\t\t\t<div class=\"elementor-container elementor-column-gap-default\">\n\t\t\t\t\t<div class=\"elementor-column elementor-col-100 elementor-top-column elementor-element elementor-element-2bcec12\" data-id=\"2bcec12\" data-element_type=\"column\" data-e-type=\"column\">\n\t\t\t<div class=\"elementor-widget-wrap elementor-element-populated\">\n\t\t\t\t\t\t<div class=\"elementor-element elementor-element-641b60e elementor-widget elementor-widget-image\" data-id=\"641b60e\" data-element_type=\"widget\" data-e-type=\"widget\" data-widget_type=\"image.default\">\n\t\t\t\t<div class=\"elementor-widget-container\">\n\t\t\t\t\t\t\t\t\t\t\t\t\t\t\t<img decoding=\"async\" width=\"750\" height=\"563\" src=\"https:\/\/menschendecuba.de\/wp-content\/uploads\/2025\/12\/598418084_1394295788942505_868829618515443248_n-1024x768.jpg\" class=\"attachment-large size-large wp-image-2241\" alt=\"\" srcset=\"https:\/\/menschendecuba.de\/wp-content\/uploads\/2025\/12\/598418084_1394295788942505_868829618515443248_n-1024x768.jpg 1024w, https:\/\/menschendecuba.de\/wp-content\/uploads\/2025\/12\/598418084_1394295788942505_868829618515443248_n-300x225.jpg 300w, https:\/\/menschendecuba.de\/wp-content\/uploads\/2025\/12\/598418084_1394295788942505_868829618515443248_n-768x576.jpg 768w, https:\/\/menschendecuba.de\/wp-content\/uploads\/2025\/12\/598418084_1394295788942505_868829618515443248_n-1536x1152.jpg 1536w, https:\/\/menschendecuba.de\/wp-content\/uploads\/2025\/12\/598418084_1394295788942505_868829618515443248_n-16x12.jpg 16w, https:\/\/menschendecuba.de\/wp-content\/uploads\/2025\/12\/598418084_1394295788942505_868829618515443248_n-1568x1176.jpg 1568w, https:\/\/menschendecuba.de\/wp-content\/uploads\/2025\/12\/598418084_1394295788942505_868829618515443248_n.jpg 2048w\" sizes=\"(max-width: 750px) 100vw, 750px\" style=\"width:100%;height:75%;max-width:2048px\" \/>\t\t\t\t\t\t\t\t\t\t\t\t\t\t\t<\/div>\n\t\t\t\t<\/div>\n\t\t\t\t<div class=\"elementor-element elementor-element-38f148f elementor-widget elementor-widget-heading\" data-id=\"38f148f\" data-element_type=\"widget\" data-e-type=\"widget\" data-widget_type=\"heading.default\">\n\t\t\t\t<div class=\"elementor-widget-container\">\n\t\t\t\t\t<h2 class=\"elementor-heading-title elementor-size-default\">Mito y debate hist\u00f3rico<\/h2>\t\t\t\t<\/div>\n\t\t\t\t<\/div>\n\t\t\t\t\t<\/div>\n\t\t<\/div>\n\t\t\t\t\t<\/div>\n\t\t<\/section>\n\t\t\t\t<section class=\"elementor-section elementor-top-section elementor-element elementor-element-5f2d4ff elementor-section-boxed elementor-section-height-default elementor-section-height-default\" data-id=\"5f2d4ff\" data-element_type=\"section\" data-e-type=\"section\">\n\t\t\t\t\t\t<div class=\"elementor-container elementor-column-gap-default\">\n\t\t\t\t\t<div class=\"elementor-column elementor-col-100 elementor-top-column elementor-element elementor-element-7d60855\" data-id=\"7d60855\" data-element_type=\"column\" data-e-type=\"column\">\n\t\t\t<div class=\"elementor-widget-wrap elementor-element-populated\">\n\t\t\t\t\t\t<div class=\"elementor-element elementor-element-50fd202 elementor-widget elementor-widget-text-editor\" data-id=\"50fd202\" data-element_type=\"widget\" data-e-type=\"widget\" data-widget_type=\"text-editor.default\">\n\t\t\t\t<div class=\"elementor-widget-container\">\n\t\t\t\t\t\t\t\t\t<p data-start=\"3106\" data-end=\"3365\">Pocas figuras de la historia latinoamericana han sido tan mitificadas como el Che Guevara. Su retrato es una de las im\u00e1genes pol\u00edticas m\u00e1s conocidas del mundo y se asocia a menudo con ideales como la rebeli\u00f3n, el idealismo y la justicia social.<\/p><p data-start=\"3367\" data-end=\"3712\">Al mismo tiempo, existe un amplio debate hist\u00f3rico sobre su papel en la Revoluci\u00f3n Cubana y sobre su pensamiento pol\u00edtico. Los historiadores cr\u00edticos se\u00f1alan los elementos autoritarios de su ideolog\u00eda, su defensa de la violencia revolucionaria y su participaci\u00f3n en medidas represivas contra los opositores al nuevo Gobierno.<\/p><p data-start=\"3714\" data-end=\"3944\">Esta controvercial valoraci\u00f3n pone de manifiesto que el Che Guevara no es solo una figura simb\u00f3lica, sino tambi\u00e9n parte de una historia compleja y, a menudo, tr\u00e1gica. Un debate abierto al respecto forma parte de una cultura de la memoria responsable.<\/p>\t\t\t\t\t\t\t\t<\/div>\n\t\t\t\t<\/div>\n\t\t\t\t\t<\/div>\n\t\t<\/div>\n\t\t\t\t\t<\/div>\n\t\t<\/section>\n\t\t\t\t<section class=\"elementor-section elementor-top-section elementor-element elementor-element-124bcb0 elementor-section-boxed elementor-section-height-default elementor-section-height-default\" data-id=\"124bcb0\" data-element_type=\"section\" data-e-type=\"section\">\n\t\t\t\t\t\t<div class=\"elementor-container elementor-column-gap-default\">\n\t\t\t\t\t<div class=\"elementor-column elementor-col-100 elementor-top-column elementor-element elementor-element-21d4382\" data-id=\"21d4382\" data-element_type=\"column\" data-e-type=\"column\">\n\t\t\t<div class=\"elementor-widget-wrap elementor-element-populated\">\n\t\t\t\t\t\t<div class=\"elementor-element elementor-element-de1639a elementor-widget elementor-widget-heading\" data-id=\"de1639a\" data-element_type=\"widget\" data-e-type=\"widget\" data-widget_type=\"heading.default\">\n\t\t\t\t<div class=\"elementor-widget-container\">\n\t\t\t\t\t<h2 class=\"elementor-heading-title elementor-size-default\">Protesta de la sociedad civil: un gesto en favor de los derechos humanos<\/h2>\t\t\t\t<\/div>\n\t\t\t\t<\/div>\n\t\t\t\t\t<\/div>\n\t\t<\/div>\n\t\t\t\t\t<\/div>\n\t\t<\/section>\n\t\t\t\t<section class=\"elementor-section elementor-top-section elementor-element elementor-element-ff7711e elementor-section-boxed elementor-section-height-default elementor-section-height-default\" data-id=\"ff7711e\" data-element_type=\"section\" data-e-type=\"section\">\n\t\t\t\t\t\t<div class=\"elementor-container elementor-column-gap-default\">\n\t\t\t\t\t<div class=\"elementor-column elementor-col-100 elementor-top-column elementor-element elementor-element-94536f1\" data-id=\"94536f1\" data-element_type=\"column\" data-e-type=\"column\">\n\t\t\t<div class=\"elementor-widget-wrap elementor-element-populated\">\n\t\t\t\t\t\t<div class=\"elementor-element elementor-element-05ba9df elementor-widget elementor-widget-text-editor\" data-id=\"05ba9df\" data-element_type=\"widget\" data-e-type=\"widget\" data-widget_type=\"text-editor.default\">\n\t\t\t\t<div class=\"elementor-widget-container\">\n\t\t\t\t\t\t\t\t\t<p data-start=\"4024\" data-end=\"4364\">La asociaci\u00f3n MenschenDeCuba e.V., junto con otras iniciativas, organiza una manifestaci\u00f3n en Berl\u00edn para llamar la atenci\u00f3n sobre estas contradicciones. La protesta no va dirigida contra personas concretas, sino contra la glorificaci\u00f3n acr\u00edtica de la violencia pol\u00edtica y contra el olvido de las v\u00edctimas de los reg\u00edmenes autoritarios.<\/p><p data-start=\"4366\" data-end=\"4685\">Berl\u00edn es una ciudad en la que el recuerdo de las v\u00edctimas de las dictaduras \u2014desde el nacionalsocialismo hasta la divisi\u00f3n de Alemania\u2014 ocupa un lugar central en la conciencia p\u00fablica. Precisamente por eso es importante dar visibilidad tambi\u00e9n a otras experiencias hist\u00f3ricas de opresi\u00f3n y violencia pol\u00edtica.<\/p><p data-start=\"4687\" data-end=\"4846\">Nuestra manifestaci\u00f3n pretende ser un mensaje pac\u00edfico: en favor de la dignidad humana, de los derechos humanos universales y del futuro democr\u00e1tico de Cuba.<\/p>\t\t\t\t\t\t\t\t<\/div>\n\t\t\t\t<\/div>\n\t\t\t\t\t<\/div>\n\t\t<\/div>\n\t\t\t\t\t<\/div>\n\t\t<\/section>\n\t\t\t\t<section class=\"elementor-section elementor-top-section elementor-element elementor-element-8d3d953 elementor-section-boxed elementor-section-height-default elementor-section-height-default\" data-id=\"8d3d953\" data-element_type=\"section\" data-e-type=\"section\">\n\t\t\t\t\t\t<div class=\"elementor-container elementor-column-gap-default\">\n\t\t\t\t\t<div class=\"elementor-column elementor-col-100 elementor-top-column elementor-element elementor-element-8abf1b6\" data-id=\"8abf1b6\" data-element_type=\"column\" data-e-type=\"column\">\n\t\t\t<div class=\"elementor-widget-wrap elementor-element-populated\">\n\t\t\t\t\t\t<div class=\"elementor-element elementor-element-ab197e1 elementor-widget elementor-widget-image\" data-id=\"ab197e1\" data-element_type=\"widget\" data-e-type=\"widget\" data-widget_type=\"image.default\">\n\t\t\t\t<div class=\"elementor-widget-container\">\n\t\t\t\t\t\t\t\t\t\t\t\t\t\t\t<img loading=\"lazy\" decoding=\"async\" width=\"576\" height=\"1024\" src=\"https:\/\/menschendecuba.de\/wp-content\/uploads\/2024\/08\/PHOTO-2024-08-07-07-43-42-1-576x1024.jpg\" class=\"attachment-large size-large wp-image-1942\" alt=\"\" srcset=\"https:\/\/menschendecuba.de\/wp-content\/uploads\/2024\/08\/PHOTO-2024-08-07-07-43-42-1-576x1024.jpg 576w, https:\/\/menschendecuba.de\/wp-content\/uploads\/2024\/08\/PHOTO-2024-08-07-07-43-42-1-169x300.jpg 169w, https:\/\/menschendecuba.de\/wp-content\/uploads\/2024\/08\/PHOTO-2024-08-07-07-43-42-1-768x1365.jpg 768w, https:\/\/menschendecuba.de\/wp-content\/uploads\/2024\/08\/PHOTO-2024-08-07-07-43-42-1-864x1536.jpg 864w, https:\/\/menschendecuba.de\/wp-content\/uploads\/2024\/08\/PHOTO-2024-08-07-07-43-42-1-7x12.jpg 7w, https:\/\/menschendecuba.de\/wp-content\/uploads\/2024\/08\/PHOTO-2024-08-07-07-43-42-1.jpg 1152w\" sizes=\"(max-width: 576px) 100vw, 576px\" style=\"width:100%;height:177.78%;max-width:1152px\" \/>\t\t\t\t\t\t\t\t\t\t\t\t\t\t\t<\/div>\n\t\t\t\t<\/div>\n\t\t\t\t\t<\/div>\n\t\t<\/div>\n\t\t\t\t\t<\/div>\n\t\t<\/section>\n\t\t\t\t<\/div>","protected":false},"excerpt":{"rendered":"<p>La asociaci\u00f3n MenschenDeCuba e.V. y representantes de la sociedad civil independiente cubana critican la concesi\u00f3n prevista del Premio Rosa Luxemburg a Aleida Guevara en Berl\u00edn. En su opini\u00f3n, este galard\u00f3n contribuye a la glorificaci\u00f3n de Ernesto \u00abChe\u00bb Guevara, cuyo papel en la Revoluci\u00f3n Cubana estuvo marcado por la violencia y la represi\u00f3n.<\/p>\n<p>Bajo el lema \u00abNo al culto al asesino\u00bb, convocan una manifestaci\u00f3n pac\u00edfica para protestar contra esta forma de glorificaci\u00f3n hist\u00f3rica y llamar la atenci\u00f3n sobre la situaci\u00f3n de los derechos humanos en Cuba. El objetivo es enviar un mensaje a favor de la democracia, la dignidad humana y la libertad del pueblo cubano.<\/p>\n<p>Manifestaci\u00f3n:<br \/>\nS\u00e1bado 11 de abril de 2026<br \/>\nFrente al cine Babylon<br \/>\nRosa-Luxemburg-Stra\u00dfe 31, 10178 Berlin<\/p>","protected":false},"author":1,"featured_media":2282,"comment_status":"open","ping_status":"open","sticky":false,"template":"","format":"standard","meta":{"footnotes":""},"categories":[9],"tags":[],"class_list":["post-2280","post","type-post","status-publish","format-standard","has-post-thumbnail","hentry","category-blog","entry"],"_links":{"self":[{"href":"https:\/\/menschendecuba.de\/es\/wp-json\/wp\/v2\/posts\/2280","targetHints":{"allow":["GET"]}}],"collection":[{"href":"https:\/\/menschendecuba.de\/es\/wp-json\/wp\/v2\/posts"}],"about":[{"href":"https:\/\/menschendecuba.de\/es\/wp-json\/wp\/v2\/types\/post"}],"author":[{"embeddable":true,"href":"https:\/\/menschendecuba.de\/es\/wp-json\/wp\/v2\/users\/1"}],"replies":[{"embeddable":true,"href":"https:\/\/menschendecuba.de\/es\/wp-json\/wp\/v2\/comments?post=2280"}],"version-history":[{"count":4,"href":"https:\/\/menschendecuba.de\/es\/wp-json\/wp\/v2\/posts\/2280\/revisions"}],"predecessor-version":[{"id":2286,"href":"https:\/\/menschendecuba.de\/es\/wp-json\/wp\/v2\/posts\/2280\/revisions\/2286"}],"wp:featuredmedia":[{"embeddable":true,"href":"https:\/\/menschendecuba.de\/es\/wp-json\/wp\/v2\/media\/2282"}],"wp:attachment":[{"href":"https:\/\/menschendecuba.de\/es\/wp-json\/wp\/v2\/media?parent=2280"}],"wp:term":[{"taxonomy":"category","embeddable":true,"href":"https:\/\/menschendecuba.de\/es\/wp-json\/wp\/v2\/categories?post=2280"},{"taxonomy":"post_tag","embeddable":true,"href":"https:\/\/menschendecuba.de\/es\/wp-json\/wp\/v2\/tags?post=2280"}],"curies":[{"name":"wp","href":"https:\/\/api.w.org\/{rel}","templated":true}]}}