{"id":2238,"date":"2025-12-10T15:05:00","date_gmt":"2025-12-10T15:05:00","guid":{"rendered":"https:\/\/menschendecuba.de\/?p=2238"},"modified":"2026-03-12T19:42:34","modified_gmt":"2026-03-12T19:42:34","slug":"sociedad-civil-cubana-lleva-los-derechos-humanos-a-berln","status":"publish","type":"post","link":"https:\/\/menschendecuba.de\/es\/blog\/2025\/12\/10\/sociedad-civil-cubana-lleva-los-derechos-humanos-a-berln\/","title":{"rendered":"Sociedad civil cubana lleva los derechos humanos a Berl\u00edn"},"content":{"rendered":"<div data-elementor-type=\"wp-post\" data-elementor-id=\"2238\" class=\"elementor elementor-2238\" data-elementor-post-type=\"post\">\n\t\t\t\t\t\t<section class=\"elementor-section elementor-top-section elementor-element elementor-element-6b0cf4b3 elementor-section-full_width elementor-section-height-default elementor-section-height-default\" data-id=\"6b0cf4b3\" data-element_type=\"section\" data-e-type=\"section\">\n\t\t\t\t\t\t<div class=\"elementor-container elementor-column-gap-no\">\n\t\t\t\t\t<div class=\"elementor-column elementor-col-100 elementor-top-column elementor-element elementor-element-1ab301d4\" data-id=\"1ab301d4\" data-element_type=\"column\" data-e-type=\"column\">\n\t\t\t<div class=\"elementor-widget-wrap elementor-element-populated\">\n\t\t\t\t\t\t<div class=\"elementor-element elementor-element-8c56736 elementor-widget elementor-widget-text-editor\" data-id=\"8c56736\" data-element_type=\"widget\" data-e-type=\"widget\" data-widget_type=\"text-editor.default\">\n\t\t\t\t<div class=\"elementor-widget-container\">\n\t\t\t\t\t\t\t\t\t<p data-start=\"17\" data-end=\"492\"><strong>Berl\u00edn, 10 de diciembre 2025<\/strong>.<\/p><p data-start=\"143\" data-end=\"576\">El 10 de diciembre de 2025, en el marco del D\u00eda Internacional de los Derechos Humanos, representantes de la sociedad civil germano-cubana independiente fueron recibidos en el Ministerio de Relaciones Exteriores de Alemania. Para nuestra organizaci\u00f3n <span class=\"hover:entity-accent entity-underline inline cursor-pointer align-baseline\"><span class=\"whitespace-normal\">MenschenDeCuba e.V.<\/span><\/span>este encuentro represent\u00f3 una oportunidad significativa para trasladar directamente a las autoridades alemanas las preocupaciones y propuestas de la sociedad civil cubana independiente<\/p><p data-start=\"578\" data-end=\"1029\">Nuestro ejecutivo <span class=\"hover:entity-accent entity-underline inline cursor-pointer align-baseline\"><span class=\"whitespace-normal\">Legren V\u00e9lez<\/span><\/span>particip\u00f3 en nombre de la comunidad de cubanos comprometidos con la defensa de los derechos humanos y la libertad en Cuba. Junto a otras organizaciones de la di\u00e1spora, el objetivo fue claro: abrir espacios de di\u00e1logo institucional que permitan visibilizar la realidad del pa\u00eds y fortalecer el apoyo internacional a la sociedad civil independiente.<\/p><p><!-- \/wp:paragraph --><\/p>\t\t\t\t\t\t\t\t<\/div>\n\t\t\t\t<\/div>\n\t\t\t\t\t<\/div>\n\t\t<\/div>\n\t\t\t\t\t<\/div>\n\t\t<\/section>\n\t\t\t\t<section class=\"elementor-section elementor-top-section elementor-element elementor-element-a5940da elementor-section-boxed elementor-section-height-default elementor-section-height-default\" data-id=\"a5940da\" data-element_type=\"section\" data-e-type=\"section\">\n\t\t\t\t\t\t<div class=\"elementor-container elementor-column-gap-default\">\n\t\t\t\t\t<div class=\"elementor-column elementor-col-100 elementor-top-column elementor-element elementor-element-4ba6f1a\" data-id=\"4ba6f1a\" data-element_type=\"column\" data-e-type=\"column\">\n\t\t\t<div class=\"elementor-widget-wrap elementor-element-populated\">\n\t\t\t\t\t\t<div class=\"elementor-element elementor-element-08f3b6b elementor-widget elementor-widget-image\" data-id=\"08f3b6b\" data-element_type=\"widget\" data-e-type=\"widget\" data-widget_type=\"image.default\">\n\t\t\t\t<div class=\"elementor-widget-container\">\n\t\t\t\t\t\t\t\t\t\t\t\t\t\t\t<img fetchpriority=\"high\" decoding=\"async\" width=\"750\" height=\"346\" src=\"https:\/\/menschendecuba.de\/wp-content\/uploads\/2026\/03\/597324366_122249859314142899_5693156058984809091_n-1024x473.jpg\" class=\"attachment-large size-large wp-image-2231\" alt=\"\" srcset=\"https:\/\/menschendecuba.de\/wp-content\/uploads\/2026\/03\/597324366_122249859314142899_5693156058984809091_n-1024x473.jpg 1024w, https:\/\/menschendecuba.de\/wp-content\/uploads\/2026\/03\/597324366_122249859314142899_5693156058984809091_n-300x139.jpg 300w, https:\/\/menschendecuba.de\/wp-content\/uploads\/2026\/03\/597324366_122249859314142899_5693156058984809091_n-768x355.jpg 768w, https:\/\/menschendecuba.de\/wp-content\/uploads\/2026\/03\/597324366_122249859314142899_5693156058984809091_n-1536x710.jpg 1536w, https:\/\/menschendecuba.de\/wp-content\/uploads\/2026\/03\/597324366_122249859314142899_5693156058984809091_n-2048x946.jpg 2048w, https:\/\/menschendecuba.de\/wp-content\/uploads\/2026\/03\/597324366_122249859314142899_5693156058984809091_n-18x8.jpg 18w, https:\/\/menschendecuba.de\/wp-content\/uploads\/2026\/03\/597324366_122249859314142899_5693156058984809091_n-1568x724.jpg 1568w\" sizes=\"(max-width: 750px) 100vw, 750px\" style=\"width:100%;height:46.21%;max-width:2560px\" \/>\t\t\t\t\t\t\t\t\t\t\t\t\t\t\t<\/div>\n\t\t\t\t<\/div>\n\t\t\t\t\t<\/div>\n\t\t<\/div>\n\t\t\t\t\t<\/div>\n\t\t<\/section>\n\t\t\t\t<section class=\"elementor-section elementor-top-section elementor-element elementor-element-deb1c12 elementor-section-boxed elementor-section-height-default elementor-section-height-default\" data-id=\"deb1c12\" data-element_type=\"section\" data-e-type=\"section\">\n\t\t\t\t\t\t<div class=\"elementor-container elementor-column-gap-default\">\n\t\t\t\t\t<div class=\"elementor-column elementor-col-100 elementor-top-column elementor-element elementor-element-84eda5b\" data-id=\"84eda5b\" data-element_type=\"column\" data-e-type=\"column\">\n\t\t\t<div class=\"elementor-widget-wrap elementor-element-populated\">\n\t\t\t\t\t\t<div class=\"elementor-element elementor-element-626793c elementor-widget elementor-widget-heading\" data-id=\"626793c\" data-element_type=\"widget\" data-e-type=\"widget\" data-widget_type=\"heading.default\">\n\t\t\t\t<div class=\"elementor-widget-container\">\n\t\t\t\t\t<h2 class=\"elementor-heading-title elementor-size-default\">Un encuentro institucional con la sociedad civil independiente<\/h2>\t\t\t\t<\/div>\n\t\t\t\t<\/div>\n\t\t\t\t\t<\/div>\n\t\t<\/div>\n\t\t\t\t\t<\/div>\n\t\t<\/section>\n\t\t\t\t<section class=\"elementor-section elementor-top-section elementor-element elementor-element-1bc3628 elementor-section-boxed elementor-section-height-default elementor-section-height-default\" data-id=\"1bc3628\" data-element_type=\"section\" data-e-type=\"section\">\n\t\t\t\t\t\t<div class=\"elementor-container elementor-column-gap-default\">\n\t\t\t\t\t<div class=\"elementor-column elementor-col-100 elementor-top-column elementor-element elementor-element-bfca777\" data-id=\"bfca777\" data-element_type=\"column\" data-e-type=\"column\">\n\t\t\t<div class=\"elementor-widget-wrap elementor-element-populated\">\n\t\t\t\t\t\t<div class=\"elementor-element elementor-element-482c1b5 elementor-widget elementor-widget-text-editor\" data-id=\"482c1b5\" data-element_type=\"widget\" data-e-type=\"widget\" data-widget_type=\"text-editor.default\">\n\t\t\t\t<div class=\"elementor-widget-container\">\n\t\t\t\t\t\t\t\t\t<p data-start=\"1109\" data-end=\"1315\">La delegaci\u00f3n estuvo integrada por representantes de <span class=\"hover:entity-accent entity-underline inline cursor-pointer align-baseline\"><span class=\"whitespace-normal\">MenschenDeCuba e.V.<\/span><\/span>, <span class=\"hover:entity-accent entity-underline inline cursor-pointer align-baseline\"><span class=\"whitespace-normal\">Patria y Vida Verein e.V.<\/span><\/span> as\u00ed como de <span class=\"hover:entity-accent entity-underline inline cursor-pointer align-baseline\"><span class=\"whitespace-normal\">Union der Opferverb\u00e4nde kommunistischer Gewaltherrschaft<\/span><\/span> (UOKG) zusammen.<\/p><p data-start=\"1317\" data-end=\"1526\">Empfangen wurden die Teilnehmer von David Bartels, Leiter der Abteilung f\u00fcr Mexiko, Zentralamerika und die Karibik im <span class=\"hover:entity-accent entity-underline inline cursor-pointer align-baseline\"><span class=\"whitespace-normal\">Ausw\u00e4rtiges Amt<\/span><\/span>, sowie von Maurice Gajan, der f\u00fcr Kuba zust\u00e4ndig ist.<\/p><p data-start=\"1528\" data-end=\"1870\">Von Beginn an verlief der Austausch in einer konstruktiven und professionellen Atmosph\u00e4re. Alle Beteiligten zeigten eine klare Bereitschaft zuzuh\u00f6ren, Informationen auszutauschen und M\u00f6glichkeiten der Zusammenarbeit zu erkunden, um das Verst\u00e4ndnis der kubanischen Realit\u00e4t aus der Perspektive der unabh\u00e4ngigen Zivilgesellschaft zu verbessern.<\/p>\t\t\t\t\t\t\t\t<\/div>\n\t\t\t\t<\/div>\n\t\t\t\t\t<\/div>\n\t\t<\/div>\n\t\t\t\t\t<\/div>\n\t\t<\/section>\n\t\t\t\t<section class=\"elementor-section elementor-top-section elementor-element elementor-element-070402e elementor-section-boxed elementor-section-height-default elementor-section-height-default\" data-id=\"070402e\" data-element_type=\"section\" data-e-type=\"section\">\n\t\t\t\t\t\t<div class=\"elementor-container elementor-column-gap-default\">\n\t\t\t\t\t<div class=\"elementor-column elementor-col-100 elementor-top-column elementor-element elementor-element-36b8030\" data-id=\"36b8030\" data-element_type=\"column\" data-e-type=\"column\">\n\t\t\t<div class=\"elementor-widget-wrap elementor-element-populated\">\n\t\t\t\t\t\t<div class=\"elementor-element elementor-element-2e55b74 elementor-widget elementor-widget-heading\" data-id=\"2e55b74\" data-element_type=\"widget\" data-e-type=\"widget\" data-widget_type=\"heading.default\">\n\t\t\t\t<div class=\"elementor-widget-container\">\n\t\t\t\t\t<h2 class=\"elementor-heading-title elementor-size-default\">Menschenrechte und dringende humanit\u00e4re F\u00e4lle<\/h2>\t\t\t\t<\/div>\n\t\t\t\t<\/div>\n\t\t\t\t\t<\/div>\n\t\t<\/div>\n\t\t\t\t\t<\/div>\n\t\t<\/section>\n\t\t\t\t<section class=\"elementor-section elementor-top-section elementor-element elementor-element-066a7ab elementor-section-boxed elementor-section-height-default elementor-section-height-default\" data-id=\"066a7ab\" data-element_type=\"section\" data-e-type=\"section\">\n\t\t\t\t\t\t<div class=\"elementor-container elementor-column-gap-default\">\n\t\t\t\t\t<div class=\"elementor-column elementor-col-100 elementor-top-column elementor-element elementor-element-2e04d7d\" data-id=\"2e04d7d\" data-element_type=\"column\" data-e-type=\"column\">\n\t\t\t<div class=\"elementor-widget-wrap elementor-element-populated\">\n\t\t\t\t\t\t<div class=\"elementor-element elementor-element-8ccf5bc elementor-widget elementor-widget-image\" data-id=\"8ccf5bc\" data-element_type=\"widget\" data-e-type=\"widget\" data-widget_type=\"image.default\">\n\t\t\t\t<div class=\"elementor-widget-container\">\n\t\t\t\t\t\t\t\t\t\t\t\t\t\t\t<img decoding=\"async\" width=\"750\" height=\"500\" src=\"https:\/\/menschendecuba.de\/wp-content\/uploads\/2026\/03\/ChatGPT-Image-7.-Maerz-2026-15_57_48-1024x683.png\" class=\"attachment-large size-large wp-image-2237\" alt=\"\" srcset=\"https:\/\/menschendecuba.de\/wp-content\/uploads\/2026\/03\/ChatGPT-Image-7.-Maerz-2026-15_57_48-1024x683.png 1024w, https:\/\/menschendecuba.de\/wp-content\/uploads\/2026\/03\/ChatGPT-Image-7.-Maerz-2026-15_57_48-300x200.png 300w, https:\/\/menschendecuba.de\/wp-content\/uploads\/2026\/03\/ChatGPT-Image-7.-Maerz-2026-15_57_48-768x512.png 768w, https:\/\/menschendecuba.de\/wp-content\/uploads\/2026\/03\/ChatGPT-Image-7.-Maerz-2026-15_57_48-18x12.png 18w, https:\/\/menschendecuba.de\/wp-content\/uploads\/2026\/03\/ChatGPT-Image-7.-Maerz-2026-15_57_48.png 1536w\" sizes=\"(max-width: 750px) 100vw, 750px\" style=\"width:100%;height:66.67%;max-width:1536px\" \/>\t\t\t\t\t\t\t\t\t\t\t\t\t\t\t<\/div>\n\t\t\t\t<\/div>\n\t\t\t\t\t<\/div>\n\t\t<\/div>\n\t\t\t\t\t<\/div>\n\t\t<\/section>\n\t\t\t\t<section class=\"elementor-section elementor-top-section elementor-element elementor-element-f25c80d elementor-section-boxed elementor-section-height-default elementor-section-height-default\" data-id=\"f25c80d\" data-element_type=\"section\" data-e-type=\"section\">\n\t\t\t\t\t\t<div class=\"elementor-container elementor-column-gap-default\">\n\t\t\t\t\t<div class=\"elementor-column elementor-col-100 elementor-top-column elementor-element elementor-element-70ff65d\" data-id=\"70ff65d\" data-element_type=\"column\" data-e-type=\"column\">\n\t\t\t<div class=\"elementor-widget-wrap elementor-element-populated\">\n\t\t\t\t\t\t<div class=\"elementor-element elementor-element-c97ae05 elementor-widget elementor-widget-text-editor\" data-id=\"c97ae05\" data-element_type=\"widget\" data-e-type=\"widget\" data-widget_type=\"text-editor.default\">\n\t\t\t\t<div class=\"elementor-widget-container\">\n\t\t\t\t\t\t\t\t\t<p data-start=\"1928\" data-end=\"2239\">Uno de los ejes centrales de la reuni\u00f3n fue la situaci\u00f3n de los derechos humanos en Cuba. La delegaci\u00f3n present\u00f3 informaci\u00f3n actualizada sobre el incremento documentado de presos pol\u00edticos, as\u00ed como sobre pr\u00e1cticas sistem\u00e1ticas de represi\u00f3n contra activistas, periodistas independientes y familiares de opositores.<\/p><p data-start=\"2241\" data-end=\"2659\">Tambi\u00e9n se expusieron varios casos humanitarios urgentes, entre ellos las restricciones arbitrarias a la reunificaci\u00f3n familiar y las dificultades que enfrentan muchas familias separadas entre Cuba y Europa. Estas situaciones no solo reflejan la falta de garant\u00edas jur\u00eddicas en el pa\u00eds, sino tambi\u00e9n el impacto humano de las pol\u00edticas represivas del r\u00e9gimen.<\/p><p data-start=\"2661\" data-end=\"2921\">Die vorgelegte Dokumentation umfasste au\u00dferdem Berichte \u00fcber Folter, Gerichtsverfahren ohne rechtsstaatliche Garantien sowie Repressalien gegen Angeh\u00f6rige politischer Gefangener \u2013 Elemente, die Teil des gegenw\u00e4rtigen Kontexts der kubanischen Gesellschaft sind.<\/p>\t\t\t\t\t\t\t\t<\/div>\n\t\t\t\t<\/div>\n\t\t\t\t\t<\/div>\n\t\t<\/div>\n\t\t\t\t\t<\/div>\n\t\t<\/section>\n\t\t\t\t<section class=\"elementor-section elementor-top-section elementor-element elementor-element-2076c9d elementor-section-boxed elementor-section-height-default elementor-section-height-default\" data-id=\"2076c9d\" data-element_type=\"section\" data-e-type=\"section\">\n\t\t\t\t\t\t<div class=\"elementor-container elementor-column-gap-default\">\n\t\t\t\t\t<div class=\"elementor-column elementor-col-100 elementor-top-column elementor-element elementor-element-2bcec12\" data-id=\"2bcec12\" data-element_type=\"column\" data-e-type=\"column\">\n\t\t\t<div class=\"elementor-widget-wrap elementor-element-populated\">\n\t\t\t\t\t\t<div class=\"elementor-element elementor-element-38f148f elementor-widget elementor-widget-heading\" data-id=\"38f148f\" data-element_type=\"widget\" data-e-type=\"widget\" data-widget_type=\"heading.default\">\n\t\t\t\t<div class=\"elementor-widget-container\">\n\t\t\t\t\t<h2 class=\"elementor-heading-title elementor-size-default\">El papel de Europa y el debate sobre el acuerdo UE\u2013Cuba<\/h2>\t\t\t\t<\/div>\n\t\t\t\t<\/div>\n\t\t\t\t\t<\/div>\n\t\t<\/div>\n\t\t\t\t\t<\/div>\n\t\t<\/section>\n\t\t\t\t<section class=\"elementor-section elementor-top-section elementor-element elementor-element-530a74b elementor-section-boxed elementor-section-height-default elementor-section-height-default\" data-id=\"530a74b\" data-element_type=\"section\" data-e-type=\"section\">\n\t\t\t\t\t\t<div class=\"elementor-container elementor-column-gap-default\">\n\t\t\t\t\t<div class=\"elementor-column elementor-col-100 elementor-top-column elementor-element elementor-element-cac0a76\" data-id=\"cac0a76\" data-element_type=\"column\" data-e-type=\"column\">\n\t\t\t<div class=\"elementor-widget-wrap\">\n\t\t\t\t\t\t\t<\/div>\n\t\t<\/div>\n\t\t\t\t\t<\/div>\n\t\t<\/section>\n\t\t\t\t<section class=\"elementor-section elementor-top-section elementor-element elementor-element-5f2d4ff elementor-section-boxed elementor-section-height-default elementor-section-height-default\" data-id=\"5f2d4ff\" data-element_type=\"section\" data-e-type=\"section\">\n\t\t\t\t\t\t<div class=\"elementor-container elementor-column-gap-default\">\n\t\t\t\t\t<div class=\"elementor-column elementor-col-100 elementor-top-column elementor-element elementor-element-7d60855\" data-id=\"7d60855\" data-element_type=\"column\" data-e-type=\"column\">\n\t\t\t<div class=\"elementor-widget-wrap elementor-element-populated\">\n\t\t\t\t\t\t<div class=\"elementor-element elementor-element-50fd202 elementor-widget elementor-widget-text-editor\" data-id=\"50fd202\" data-element_type=\"widget\" data-e-type=\"widget\" data-widget_type=\"text-editor.default\">\n\t\t\t\t<div class=\"elementor-widget-container\">\n\t\t\t\t\t\t\t\t\t<p data-start=\"2993\" data-end=\"3210\">Durante el encuentro tambi\u00e9n se abord\u00f3 el debate en torno al Acuerdo de Di\u00e1logo Pol\u00edtico y Cooperaci\u00f3n entre la Uni\u00f3n Europea y Cuba, conocido como <span class=\"hover:entity-accent entity-underline inline cursor-pointer align-baseline\"><span class=\"whitespace-normal\">Political Dialogue and Cooperation Agreement EU\u2013Cuba<\/span><\/span> (PDCA).<\/p><p data-start=\"3212\" data-end=\"3548\">Las organizaciones participantes se\u00f1alaron que, desde la perspectiva de la sociedad civil independiente, es necesario revisar el cumplimiento real de este acuerdo. La persistente violaci\u00f3n de derechos fundamentales en Cuba plantea serias dudas sobre el respeto a las cl\u00e1usulas esenciales del mismo.<\/p><p data-start=\"3550\" data-end=\"3823\">En este sentido, se mencion\u00f3 la necesidad de evaluar los mecanismos previstos dentro del propio acuerdo \u2014incluido el art\u00edculo 85.3\u2014 que permitir\u00edan estudiar su suspensi\u00f3n si contin\u00faan las violaciones sistem\u00e1ticas de derechos humanos.<\/p><p data-start=\"3825\" data-end=\"4021\">Asimismo, se presentaron elementos de la Petici\u00f3n 179940 dirigida al Bundestag alem\u00e1n, que busca impulsar una discusi\u00f3n m\u00e1s profunda sobre la pol\u00edtica europea hacia Cuba.<\/p>\t\t\t\t\t\t\t\t<\/div>\n\t\t\t\t<\/div>\n\t\t\t\t\t<\/div>\n\t\t<\/div>\n\t\t\t\t\t<\/div>\n\t\t<\/section>\n\t\t\t\t<section class=\"elementor-section elementor-top-section elementor-element elementor-element-124bcb0 elementor-section-boxed elementor-section-height-default elementor-section-height-default\" data-id=\"124bcb0\" data-element_type=\"section\" data-e-type=\"section\">\n\t\t\t\t\t\t<div class=\"elementor-container elementor-column-gap-default\">\n\t\t\t\t\t<div class=\"elementor-column elementor-col-100 elementor-top-column elementor-element elementor-element-21d4382\" data-id=\"21d4382\" data-element_type=\"column\" data-e-type=\"column\">\n\t\t\t<div class=\"elementor-widget-wrap elementor-element-populated\">\n\t\t\t\t\t\t<div class=\"elementor-element elementor-element-de1639a elementor-widget elementor-widget-heading\" data-id=\"de1639a\" data-element_type=\"widget\" data-e-type=\"widget\" data-widget_type=\"heading.default\">\n\t\t\t\t<div class=\"elementor-widget-container\">\n\t\t\t\t\t<h2 class=\"elementor-heading-title elementor-size-default\">Berl\u00edn alza la voz por la libertad de Cuba<\/h2>\t\t\t\t<\/div>\n\t\t\t\t<\/div>\n\t\t\t\t<div class=\"elementor-element elementor-element-641b60e elementor-widget elementor-widget-image\" data-id=\"641b60e\" data-element_type=\"widget\" data-e-type=\"widget\" data-widget_type=\"image.default\">\n\t\t\t\t<div class=\"elementor-widget-container\">\n\t\t\t\t\t\t\t\t\t\t\t\t\t\t\t<img decoding=\"async\" width=\"750\" height=\"563\" src=\"https:\/\/menschendecuba.de\/wp-content\/uploads\/2025\/12\/598511566_1394295882275829_8476876765048267169_n-1024x768.jpg\" class=\"attachment-large size-large wp-image-2240\" alt=\"\" srcset=\"https:\/\/menschendecuba.de\/wp-content\/uploads\/2025\/12\/598511566_1394295882275829_8476876765048267169_n-1024x768.jpg 1024w, https:\/\/menschendecuba.de\/wp-content\/uploads\/2025\/12\/598511566_1394295882275829_8476876765048267169_n-300x225.jpg 300w, https:\/\/menschendecuba.de\/wp-content\/uploads\/2025\/12\/598511566_1394295882275829_8476876765048267169_n-768x576.jpg 768w, https:\/\/menschendecuba.de\/wp-content\/uploads\/2025\/12\/598511566_1394295882275829_8476876765048267169_n-1536x1152.jpg 1536w, https:\/\/menschendecuba.de\/wp-content\/uploads\/2025\/12\/598511566_1394295882275829_8476876765048267169_n-16x12.jpg 16w, https:\/\/menschendecuba.de\/wp-content\/uploads\/2025\/12\/598511566_1394295882275829_8476876765048267169_n-1568x1176.jpg 1568w, https:\/\/menschendecuba.de\/wp-content\/uploads\/2025\/12\/598511566_1394295882275829_8476876765048267169_n.jpg 2048w\" sizes=\"(max-width: 750px) 100vw, 750px\" style=\"width:100%;height:75%;max-width:2048px\" \/>\t\t\t\t\t\t\t\t\t\t\t\t\t\t\t<\/div>\n\t\t\t\t<\/div>\n\t\t\t\t\t<\/div>\n\t\t<\/div>\n\t\t\t\t\t<\/div>\n\t\t<\/section>\n\t\t\t\t<section class=\"elementor-section elementor-top-section elementor-element elementor-element-ff7711e elementor-section-boxed elementor-section-height-default elementor-section-height-default\" data-id=\"ff7711e\" data-element_type=\"section\" data-e-type=\"section\">\n\t\t\t\t\t\t<div class=\"elementor-container elementor-column-gap-default\">\n\t\t\t\t\t<div class=\"elementor-column elementor-col-100 elementor-top-column elementor-element elementor-element-94536f1\" data-id=\"94536f1\" data-element_type=\"column\" data-e-type=\"column\">\n\t\t\t<div class=\"elementor-widget-wrap elementor-element-populated\">\n\t\t\t\t\t\t<div class=\"elementor-element elementor-element-05ba9df elementor-widget elementor-widget-text-editor\" data-id=\"05ba9df\" data-element_type=\"widget\" data-e-type=\"widget\" data-widget_type=\"text-editor.default\">\n\t\t\t\t<div class=\"elementor-widget-container\">\n\t\t\t\t\t\t\t\t\t<p data-start=\"4083\" data-end=\"4386\">La jornada del 10 de diciembre no termin\u00f3 en las salas del Ministerio. Esa misma tarde, activistas, miembros de la di\u00e1spora cubana y defensores de los derechos humanos se reunieron en una manifestaci\u00f3n en la <span class=\"hover:entity-accent entity-underline inline cursor-pointer align-baseline\"><span class=\"whitespace-normal\">Potsdamer Platz<\/span><\/span>, in der N\u00e4he des <span class=\"hover:entity-accent entity-underline inline cursor-pointer align-baseline\"><span class=\"whitespace-normal\">Berlin Wall Memorial<\/span><\/span>.<\/p><p data-start=\"4388\" data-end=\"4674\">An einem Ort, der historisch stark mit dem Kampf gegen Diktaturen und der Teilung Europas verbunden ist, erhob die kubanische Zivilgesellschaft gemeinsam mit ihren Unterst\u00fctzern in Deutschland ihre Stimme f\u00fcr die Freiheit Kubas und f\u00fcr die Menschenrechte aller Kubanerinnen und Kubaner.<\/p><p data-start=\"4676\" data-end=\"5038\">Durante el encuentro se recordaron los nombres de presos pol\u00edticos y se denunci\u00f3 la represi\u00f3n que contin\u00faa sufriendo la ciudadan\u00eda dentro de la isla. Para muchos participantes, manifestarse frente a un espacio que recuerda la ca\u00edda del muro de Berl\u00edn fue tambi\u00e9n una forma de reafirmar que ning\u00fan sistema autoritario es eterno.<\/p><p data-start=\"5040\" data-end=\"5226\">El acto reuni\u00f3 a miembros del activismo cubano en Alemania y especialmente de Berl\u00edn, quienes reafirmaron su compromiso con la defensa de la democracia, la libertad y la dignidad humana.<\/p>\t\t\t\t\t\t\t\t<\/div>\n\t\t\t\t<\/div>\n\t\t\t\t\t<\/div>\n\t\t<\/div>\n\t\t\t\t\t<\/div>\n\t\t<\/section>\n\t\t\t\t<section class=\"elementor-section elementor-top-section elementor-element elementor-element-8d3d953 elementor-section-boxed elementor-section-height-default elementor-section-height-default\" data-id=\"8d3d953\" data-element_type=\"section\" data-e-type=\"section\">\n\t\t\t\t\t\t<div class=\"elementor-container elementor-column-gap-default\">\n\t\t\t\t\t<div class=\"elementor-column elementor-col-100 elementor-top-column elementor-element elementor-element-8abf1b6\" data-id=\"8abf1b6\" data-element_type=\"column\" data-e-type=\"column\">\n\t\t\t<div class=\"elementor-widget-wrap elementor-element-populated\">\n\t\t\t\t\t\t<div class=\"elementor-element elementor-element-ab197e1 elementor-widget elementor-widget-image\" data-id=\"ab197e1\" data-element_type=\"widget\" data-e-type=\"widget\" data-widget_type=\"image.default\">\n\t\t\t\t<div class=\"elementor-widget-container\">\n\t\t\t\t\t\t\t\t\t\t\t\t\t\t\t<img loading=\"lazy\" decoding=\"async\" width=\"750\" height=\"563\" src=\"https:\/\/menschendecuba.de\/wp-content\/uploads\/2025\/12\/598418084_1394295788942505_868829618515443248_n-1024x768.jpg\" class=\"attachment-large size-large wp-image-2241\" alt=\"\" srcset=\"https:\/\/menschendecuba.de\/wp-content\/uploads\/2025\/12\/598418084_1394295788942505_868829618515443248_n-1024x768.jpg 1024w, https:\/\/menschendecuba.de\/wp-content\/uploads\/2025\/12\/598418084_1394295788942505_868829618515443248_n-300x225.jpg 300w, https:\/\/menschendecuba.de\/wp-content\/uploads\/2025\/12\/598418084_1394295788942505_868829618515443248_n-768x576.jpg 768w, https:\/\/menschendecuba.de\/wp-content\/uploads\/2025\/12\/598418084_1394295788942505_868829618515443248_n-1536x1152.jpg 1536w, https:\/\/menschendecuba.de\/wp-content\/uploads\/2025\/12\/598418084_1394295788942505_868829618515443248_n-16x12.jpg 16w, https:\/\/menschendecuba.de\/wp-content\/uploads\/2025\/12\/598418084_1394295788942505_868829618515443248_n-1568x1176.jpg 1568w, https:\/\/menschendecuba.de\/wp-content\/uploads\/2025\/12\/598418084_1394295788942505_868829618515443248_n.jpg 2048w\" sizes=\"(max-width: 750px) 100vw, 750px\" style=\"width:100%;height:75%;max-width:2048px\" \/>\t\t\t\t\t\t\t\t\t\t\t\t\t\t\t<\/div>\n\t\t\t\t<\/div>\n\t\t\t\t\t<\/div>\n\t\t<\/div>\n\t\t\t\t\t<\/div>\n\t\t<\/section>\n\t\t\t\t<section class=\"elementor-section elementor-top-section elementor-element elementor-element-f44d8ad elementor-section-boxed elementor-section-height-default elementor-section-height-default\" data-id=\"f44d8ad\" data-element_type=\"section\" data-e-type=\"section\">\n\t\t\t\t\t\t<div class=\"elementor-container elementor-column-gap-default\">\n\t\t\t\t\t<div class=\"elementor-column elementor-col-100 elementor-top-column elementor-element elementor-element-225e558\" data-id=\"225e558\" data-element_type=\"column\" data-e-type=\"column\">\n\t\t\t<div class=\"elementor-widget-wrap elementor-element-populated\">\n\t\t\t\t\t\t<div class=\"elementor-element elementor-element-0dbdfc0 elementor-widget elementor-widget-heading\" data-id=\"0dbdfc0\" data-element_type=\"widget\" data-e-type=\"widget\" data-widget_type=\"heading.default\">\n\t\t\t\t<div class=\"elementor-widget-container\">\n\t\t\t\t\t<h2 class=\"elementor-heading-title elementor-size-default\">Un canal de di\u00e1logo para el futuro<\/h2>\t\t\t\t<\/div>\n\t\t\t\t<\/div>\n\t\t\t\t\t<\/div>\n\t\t<\/div>\n\t\t\t\t\t<\/div>\n\t\t<\/section>\n\t\t\t\t<section class=\"elementor-section elementor-top-section elementor-element elementor-element-ad1d499 elementor-section-boxed elementor-section-height-default elementor-section-height-default\" data-id=\"ad1d499\" data-element_type=\"section\" data-e-type=\"section\">\n\t\t\t\t\t\t<div class=\"elementor-container elementor-column-gap-default\">\n\t\t\t\t\t<div class=\"elementor-column elementor-col-100 elementor-top-column elementor-element elementor-element-6fde8f2\" data-id=\"6fde8f2\" data-element_type=\"column\" data-e-type=\"column\">\n\t\t\t<div class=\"elementor-widget-wrap elementor-element-populated\">\n\t\t\t\t\t\t<div class=\"elementor-element elementor-element-0fe9d5b elementor-widget elementor-widget-text-editor\" data-id=\"0fe9d5b\" data-element_type=\"widget\" data-e-type=\"widget\" data-widget_type=\"text-editor.default\">\n\t\t\t\t<div class=\"elementor-widget-container\">\n\t\t\t\t\t\t\t\t\t<p data-start=\"5270\" data-end=\"5498\">Eines der wichtigsten Ergebnisse des institutionellen Treffens war die Einrichtung eines regelm\u00e4\u00dfigen Kommunikationskanals zwischen den Organisationen der deutsch-kubanischen Zivilgesellschaft und dem deutschen Au\u00dfenministerium.<\/p><p data-start=\"5500\" data-end=\"5757\">Este mecanismo permitir\u00e1 dar seguimiento a casos humanitarios, compartir informaci\u00f3n actualizada y continuar construyendo una cooperaci\u00f3n sostenida en el tiempo. Las autoridades alemanas expresaron su disposici\u00f3n a mantener este proceso de intercambio estructurado.<\/p><p data-start=\"5759\" data-end=\"6017\">Desde la perspectiva de la sociedad civil independiente, este tipo de di\u00e1logo representa un paso importante para que las voces de los cubanos comprometidos con la democracia y los derechos humanos sean escuchadas en los espacios institucionales europeos.<\/p><p data-start=\"6019\" data-end=\"6421\" data-is-last-node=\"\" data-is-only-node=\"\">La jornada del 10 de diciembre demostr\u00f3 que el trabajo por la libertad de Cuba se libra tanto en los espacios diplom\u00e1ticos como en las calles de las democracias libres. <span class=\"hover:entity-accent entity-underline inline cursor-pointer align-baseline\"><span class=\"whitespace-normal\">MenschenDeCuba e.V.<\/span><\/span> reiteramos nuestro compromiso con la defensa de los derechos humanos, la libertad de todos los presos pol\u00edticos y el fortalecimiento de una sociedad civil cubana libre e independiente.<\/p>\t\t\t\t\t\t\t\t<\/div>\n\t\t\t\t<\/div>\n\t\t\t\t\t<\/div>\n\t\t<\/div>\n\t\t\t\t\t<\/div>\n\t\t<\/section>\n\t\t\t\t<section class=\"elementor-section elementor-top-section elementor-element elementor-element-ef4f80f elementor-section-boxed elementor-section-height-default elementor-section-height-default\" data-id=\"ef4f80f\" data-element_type=\"section\" data-e-type=\"section\">\n\t\t\t\t\t\t<div class=\"elementor-container elementor-column-gap-default\">\n\t\t\t\t\t<div class=\"elementor-column elementor-col-100 elementor-top-column elementor-element elementor-element-14afd59\" data-id=\"14afd59\" data-element_type=\"column\" data-e-type=\"column\">\n\t\t\t<div class=\"elementor-widget-wrap elementor-element-populated\">\n\t\t\t\t\t\t<div class=\"elementor-element elementor-element-eb6cfac elementor-widget elementor-widget-image\" data-id=\"eb6cfac\" data-element_type=\"widget\" data-e-type=\"widget\" data-widget_type=\"image.default\">\n\t\t\t\t<div class=\"elementor-widget-container\">\n\t\t\t\t\t\t\t\t\t\t\t\t\t\t\t<img loading=\"lazy\" decoding=\"async\" width=\"576\" height=\"1024\" src=\"https:\/\/menschendecuba.de\/wp-content\/uploads\/2024\/08\/PHOTO-2024-08-07-07-43-42-1-576x1024.jpg\" class=\"attachment-large size-large wp-image-1942\" alt=\"\" srcset=\"https:\/\/menschendecuba.de\/wp-content\/uploads\/2024\/08\/PHOTO-2024-08-07-07-43-42-1-576x1024.jpg 576w, https:\/\/menschendecuba.de\/wp-content\/uploads\/2024\/08\/PHOTO-2024-08-07-07-43-42-1-169x300.jpg 169w, https:\/\/menschendecuba.de\/wp-content\/uploads\/2024\/08\/PHOTO-2024-08-07-07-43-42-1-768x1365.jpg 768w, https:\/\/menschendecuba.de\/wp-content\/uploads\/2024\/08\/PHOTO-2024-08-07-07-43-42-1-864x1536.jpg 864w, https:\/\/menschendecuba.de\/wp-content\/uploads\/2024\/08\/PHOTO-2024-08-07-07-43-42-1-7x12.jpg 7w, https:\/\/menschendecuba.de\/wp-content\/uploads\/2024\/08\/PHOTO-2024-08-07-07-43-42-1.jpg 1152w\" sizes=\"(max-width: 576px) 100vw, 576px\" style=\"width:100%;height:177.78%;max-width:1152px\" \/>\t\t\t\t\t\t\t\t\t\t\t\t\t\t\t<\/div>\n\t\t\t\t<\/div>\n\t\t\t\t\t<\/div>\n\t\t<\/div>\n\t\t\t\t\t<\/div>\n\t\t<\/section>\n\t\t\t\t<\/div>","protected":false},"excerpt":{"rendered":"<p>El 10 de diciembre de 2025, representantes de la sociedad civil independiente germano-cubana, entre ellos MenschenDeCuba e.V. con su presidente Legren V\u00e9lez, se reunieron con el Ministerio de Asuntos Exteriores para hablar sobre la situaci\u00f3n de los derechos humanos en Cuba y los presos pol\u00edticos. Ese mismo d\u00eda tuvo lugar en la Potsdamer Platz una manifestaci\u00f3n en favor de la libertad y los derechos humanos en Cuba.<\/p>","protected":false},"author":1,"featured_media":2237,"comment_status":"open","ping_status":"open","sticky":false,"template":"","format":"standard","meta":{"footnotes":""},"categories":[9],"tags":[],"class_list":["post-2238","post","type-post","status-publish","format-standard","has-post-thumbnail","hentry","category-blog","entry"],"_links":{"self":[{"href":"https:\/\/menschendecuba.de\/es\/wp-json\/wp\/v2\/posts\/2238","targetHints":{"allow":["GET"]}}],"collection":[{"href":"https:\/\/menschendecuba.de\/es\/wp-json\/wp\/v2\/posts"}],"about":[{"href":"https:\/\/menschendecuba.de\/es\/wp-json\/wp\/v2\/types\/post"}],"author":[{"embeddable":true,"href":"https:\/\/menschendecuba.de\/es\/wp-json\/wp\/v2\/users\/1"}],"replies":[{"embeddable":true,"href":"https:\/\/menschendecuba.de\/es\/wp-json\/wp\/v2\/comments?post=2238"}],"version-history":[{"count":9,"href":"https:\/\/menschendecuba.de\/es\/wp-json\/wp\/v2\/posts\/2238\/revisions"}],"predecessor-version":[{"id":2270,"href":"https:\/\/menschendecuba.de\/es\/wp-json\/wp\/v2\/posts\/2238\/revisions\/2270"}],"wp:featuredmedia":[{"embeddable":true,"href":"https:\/\/menschendecuba.de\/es\/wp-json\/wp\/v2\/media\/2237"}],"wp:attachment":[{"href":"https:\/\/menschendecuba.de\/es\/wp-json\/wp\/v2\/media?parent=2238"}],"wp:term":[{"taxonomy":"category","embeddable":true,"href":"https:\/\/menschendecuba.de\/es\/wp-json\/wp\/v2\/categories?post=2238"},{"taxonomy":"post_tag","embeddable":true,"href":"https:\/\/menschendecuba.de\/es\/wp-json\/wp\/v2\/tags?post=2238"}],"curies":[{"name":"wp","href":"https:\/\/api.w.org\/{rel}","templated":true}]}}