{"id":2222,"date":"2026-02-28T11:55:21","date_gmt":"2026-02-28T11:55:21","guid":{"rendered":"https:\/\/menschendecuba.de\/?p=2222"},"modified":"2026-03-10T22:20:12","modified_gmt":"2026-03-10T22:20:12","slug":"la-sociedad-civil-cubana-alza-su-voz-en-europa-verdad-derechos-y-transicin","status":"publish","type":"post","link":"https:\/\/menschendecuba.de\/es\/blog\/2026\/02\/28\/la-sociedad-civil-cubana-alza-su-voz-en-europa-verdad-derechos-y-transicin\/","title":{"rendered":"La sociedad civil cubana alza su voz en Europa: verdad, derechos y transici\u00f3n"},"content":{"rendered":"<div data-elementor-type=\"wp-post\" data-elementor-id=\"2222\" class=\"elementor elementor-2222\" data-elementor-post-type=\"post\">\n\t\t\t\t\t\t<section class=\"elementor-section elementor-top-section elementor-element elementor-element-6b0cf4b3 elementor-section-full_width elementor-section-height-default elementor-section-height-default\" data-id=\"6b0cf4b3\" data-element_type=\"section\" data-e-type=\"section\">\n\t\t\t\t\t\t<div class=\"elementor-container elementor-column-gap-no\">\n\t\t\t\t\t<div class=\"elementor-column elementor-col-100 elementor-top-column elementor-element elementor-element-1ab301d4\" data-id=\"1ab301d4\" data-element_type=\"column\" data-e-type=\"column\">\n\t\t\t<div class=\"elementor-widget-wrap elementor-element-populated\">\n\t\t\t\t\t\t<div class=\"elementor-element elementor-element-8c56736 elementor-widget elementor-widget-text-editor\" data-id=\"8c56736\" data-element_type=\"widget\" data-e-type=\"widget\" data-widget_type=\"text-editor.default\">\n\t\t\t\t<div class=\"elementor-widget-container\">\n\t\t\t\t\t\t\t\t\t<p data-start=\"102\" data-end=\"532\"><strong>Roma, 25 de febrero de 2026. <\/strong>A finales de febrero, Roma se convirti\u00f3 en un punto de encuentro clave para la sociedad civil cubana en Europa. M\u00e1s de un centenar de representantes de asociaciones y organizaciones del exilio participaron en un di\u00e1logo con el jefe de la misi\u00f3n diplom\u00e1tica de Estados Unidos en La Habana, <strong data-start=\"385\" data-end=\"400\">Mike Hammer<\/strong>, teil, um \u00fcber die politische und soziale Realit\u00e4t in Kuba sowie \u00fcber die Rolle der internationalen Gemeinschaft zu sprechen.<\/p>\n<p data-start=\"528\" data-end=\"1089\">Unter den Teilnehmern befand sich auch <strong data-start=\"567\" data-end=\"583\">Legren V\u00e9lez<\/strong>, Pr\u00e4sident der Vereinigung MenschenDeCuba e.V. und Mitglied des <strong data-start=\"648\" data-end=\"696\">Foro Cubano Europeo por los Derechos Humanos<\/strong>, der im Namen eines Teils der unabh\u00e4ngigen kubanischen Zivilgesellschaft in Deutschland sprach. Aus der Perspektive engagierter B\u00fcrger, die sich f\u00fcr eine demokratische Zukunft der Insel einsetzen, stellte dieses Treffen einen weiteren Schritt beim Aufbau eines internationalen Netzwerks dar, das das Schweigen durchbrechen und die grundlegenden Rechte des kubanischen Volkes verteidigen will.<\/p>\n<p><!-- \/wp:paragraph --><\/p>\t\t\t\t\t\t\t\t<\/div>\n\t\t\t\t<\/div>\n\t\t\t\t\t<\/div>\n\t\t<\/div>\n\t\t\t\t\t<\/div>\n\t\t<\/section>\n\t\t\t\t<section class=\"elementor-section elementor-top-section elementor-element elementor-element-a5940da elementor-section-boxed elementor-section-height-default elementor-section-height-default\" data-id=\"a5940da\" data-element_type=\"section\" data-e-type=\"section\">\n\t\t\t\t\t\t<div class=\"elementor-container elementor-column-gap-default\">\n\t\t\t\t\t<div class=\"elementor-column elementor-col-100 elementor-top-column elementor-element elementor-element-4ba6f1a\" data-id=\"4ba6f1a\" data-element_type=\"column\" data-e-type=\"column\">\n\t\t\t<div class=\"elementor-widget-wrap elementor-element-populated\">\n\t\t\t\t\t\t<div class=\"elementor-element elementor-element-08f3b6b elementor-widget elementor-widget-image\" data-id=\"08f3b6b\" data-element_type=\"widget\" data-e-type=\"widget\" data-widget_type=\"image.default\">\n\t\t\t\t<div class=\"elementor-widget-container\">\n\t\t\t\t\t\t\t\t\t\t\t\t\t\t\t<img fetchpriority=\"high\" decoding=\"async\" width=\"750\" height=\"500\" src=\"https:\/\/menschendecuba.de\/wp-content\/uploads\/2026\/03\/644454326_10242643336917082_2027900463201946553_n-1024x683.jpg\" class=\"attachment-large size-large wp-image-2221\" alt=\"\" srcset=\"https:\/\/menschendecuba.de\/wp-content\/uploads\/2026\/03\/644454326_10242643336917082_2027900463201946553_n-1024x683.jpg 1024w, https:\/\/menschendecuba.de\/wp-content\/uploads\/2026\/03\/644454326_10242643336917082_2027900463201946553_n-300x200.jpg 300w, https:\/\/menschendecuba.de\/wp-content\/uploads\/2026\/03\/644454326_10242643336917082_2027900463201946553_n-768x512.jpg 768w, https:\/\/menschendecuba.de\/wp-content\/uploads\/2026\/03\/644454326_10242643336917082_2027900463201946553_n-1536x1025.jpg 1536w, https:\/\/menschendecuba.de\/wp-content\/uploads\/2026\/03\/644454326_10242643336917082_2027900463201946553_n-18x12.jpg 18w, https:\/\/menschendecuba.de\/wp-content\/uploads\/2026\/03\/644454326_10242643336917082_2027900463201946553_n-1568x1046.jpg 1568w, https:\/\/menschendecuba.de\/wp-content\/uploads\/2026\/03\/644454326_10242643336917082_2027900463201946553_n.jpg 2048w\" sizes=\"(max-width: 750px) 100vw, 750px\" style=\"width:100%;height:66.7%;max-width:2048px\" \/>\t\t\t\t\t\t\t\t\t\t\t\t\t\t\t<\/div>\n\t\t\t\t<\/div>\n\t\t\t\t\t<\/div>\n\t\t<\/div>\n\t\t\t\t\t<\/div>\n\t\t<\/section>\n\t\t\t\t<section class=\"elementor-section elementor-top-section elementor-element elementor-element-deb1c12 elementor-section-boxed elementor-section-height-default elementor-section-height-default\" data-id=\"deb1c12\" data-element_type=\"section\" data-e-type=\"section\">\n\t\t\t\t\t\t<div class=\"elementor-container elementor-column-gap-default\">\n\t\t\t\t\t<div class=\"elementor-column elementor-col-100 elementor-top-column elementor-element elementor-element-84eda5b\" data-id=\"84eda5b\" data-element_type=\"column\" data-e-type=\"column\">\n\t\t\t<div class=\"elementor-widget-wrap elementor-element-populated\">\n\t\t\t\t\t\t<div class=\"elementor-element elementor-element-626793c elementor-widget elementor-widget-heading\" data-id=\"626793c\" data-element_type=\"widget\" data-e-type=\"widget\" data-widget_type=\"heading.default\">\n\t\t\t\t<div class=\"elementor-widget-container\">\n\t\t\t\t\t<h2 class=\"elementor-heading-title elementor-size-default\">Cuestionar el mito rom\u00e1ntico de la revoluci\u00f3n<\/h2>\t\t\t\t<\/div>\n\t\t\t\t<\/div>\n\t\t\t\t\t<\/div>\n\t\t<\/div>\n\t\t\t\t\t<\/div>\n\t\t<\/section>\n\t\t\t\t<section class=\"elementor-section elementor-top-section elementor-element elementor-element-1bc3628 elementor-section-boxed elementor-section-height-default elementor-section-height-default\" data-id=\"1bc3628\" data-element_type=\"section\" data-e-type=\"section\">\n\t\t\t\t\t\t<div class=\"elementor-container elementor-column-gap-default\">\n\t\t\t\t\t<div class=\"elementor-column elementor-col-100 elementor-top-column elementor-element elementor-element-bfca777\" data-id=\"bfca777\" data-element_type=\"column\" data-e-type=\"column\">\n\t\t\t<div class=\"elementor-widget-wrap elementor-element-populated\">\n\t\t\t\t\t\t<div class=\"elementor-element elementor-element-482c1b5 elementor-widget elementor-widget-text-editor\" data-id=\"482c1b5\" data-element_type=\"widget\" data-e-type=\"widget\" data-widget_type=\"text-editor.default\">\n\t\t\t\t<div class=\"elementor-widget-container\">\n\t\t\t\t\t\t\t\t\t<p data-start=\"1153\" data-end=\"1411\">Durante su visita a Europa, Mike Hammer formul\u00f3 un diagn\u00f3stico claro: en Europa sigue existiendo una cierta \u00abvisi\u00f3n rom\u00e1ntica\u00bb de los mitos de la revoluci\u00f3n cubana que no refleja la realidad cotidiana de los habitantes de la isla.<\/p>\n<p data-start=\"1413\" data-end=\"1777\">El diplom\u00e1tico subray\u00f3 que Cuba es un sistema pol\u00edtico con un solo partido legal y que las personas que expresan libremente su opini\u00f3n deben enfrentarse a interrogatorios, detenciones y penas de prisi\u00f3n. Seg\u00fan informes recientes de organizaciones de derechos humanos, m\u00e1s de mil personas est\u00e1n encarceladas por motivos pol\u00edticos, una cifra que pone de manifiesto la gravedad de la situaci\u00f3n.<\/p>\n<p data-start=\"1779\" data-end=\"2238\">Para aquellos de nosotros que formamos parte de la sociedad civil independiente cubana, estas afirmaciones no son solo un an\u00e1lisis externo. Confirman una realidad que millones de cubanos viven a diario: la falta de libertades, una profunda crisis econ\u00f3mica y una emigraci\u00f3n creciente. Por lo tanto, una de las tareas m\u00e1s importantes en Europa es cuestionar las narrativas idealizadas y transmitir una imagen m\u00e1s realista de la situaci\u00f3n en Cuba.<\/p>\t\t\t\t\t\t\t\t<\/div>\n\t\t\t\t<\/div>\n\t\t\t\t\t<\/div>\n\t\t<\/div>\n\t\t\t\t\t<\/div>\n\t\t<\/section>\n\t\t\t\t<section class=\"elementor-section elementor-top-section elementor-element elementor-element-070402e elementor-section-boxed elementor-section-height-default elementor-section-height-default\" data-id=\"070402e\" data-element_type=\"section\" data-e-type=\"section\">\n\t\t\t\t\t\t<div class=\"elementor-container elementor-column-gap-default\">\n\t\t\t\t\t<div class=\"elementor-column elementor-col-100 elementor-top-column elementor-element elementor-element-36b8030\" data-id=\"36b8030\" data-element_type=\"column\" data-e-type=\"column\">\n\t\t\t<div class=\"elementor-widget-wrap elementor-element-populated\">\n\t\t\t\t\t\t<div class=\"elementor-element elementor-element-2e55b74 elementor-widget elementor-widget-heading\" data-id=\"2e55b74\" data-element_type=\"widget\" data-e-type=\"widget\" data-widget_type=\"heading.default\">\n\t\t\t\t<div class=\"elementor-widget-container\">\n\t\t\t\t\t<h2 class=\"elementor-heading-title elementor-size-default\">La sociedad civil cubana en Europa toma la palabra<\/h2>\t\t\t\t<\/div>\n\t\t\t\t<\/div>\n\t\t\t\t\t<\/div>\n\t\t<\/div>\n\t\t\t\t\t<\/div>\n\t\t<\/section>\n\t\t\t\t<section class=\"elementor-section elementor-top-section elementor-element elementor-element-066a7ab elementor-section-boxed elementor-section-height-default elementor-section-height-default\" data-id=\"066a7ab\" data-element_type=\"section\" data-e-type=\"section\">\n\t\t\t\t\t\t<div class=\"elementor-container elementor-column-gap-default\">\n\t\t\t\t\t<div class=\"elementor-column elementor-col-100 elementor-top-column elementor-element elementor-element-2e04d7d\" data-id=\"2e04d7d\" data-element_type=\"column\" data-e-type=\"column\">\n\t\t\t<div class=\"elementor-widget-wrap elementor-element-populated\">\n\t\t\t\t\t\t<div class=\"elementor-element elementor-element-8ccf5bc elementor-widget elementor-widget-image\" data-id=\"8ccf5bc\" data-element_type=\"widget\" data-e-type=\"widget\" data-widget_type=\"image.default\">\n\t\t\t\t<div class=\"elementor-widget-container\">\n\t\t\t\t\t\t\t\t\t\t\t\t\t\t\t<img decoding=\"async\" width=\"750\" height=\"563\" src=\"https:\/\/menschendecuba.de\/wp-content\/uploads\/2026\/03\/643430824_10242643324276766_7978607996596011410_n-1024x768.jpg\" class=\"attachment-large size-large wp-image-2224\" alt=\"\" srcset=\"https:\/\/menschendecuba.de\/wp-content\/uploads\/2026\/03\/643430824_10242643324276766_7978607996596011410_n-1024x768.jpg 1024w, https:\/\/menschendecuba.de\/wp-content\/uploads\/2026\/03\/643430824_10242643324276766_7978607996596011410_n-300x225.jpg 300w, https:\/\/menschendecuba.de\/wp-content\/uploads\/2026\/03\/643430824_10242643324276766_7978607996596011410_n-768x576.jpg 768w, https:\/\/menschendecuba.de\/wp-content\/uploads\/2026\/03\/643430824_10242643324276766_7978607996596011410_n-1536x1152.jpg 1536w, https:\/\/menschendecuba.de\/wp-content\/uploads\/2026\/03\/643430824_10242643324276766_7978607996596011410_n-16x12.jpg 16w, https:\/\/menschendecuba.de\/wp-content\/uploads\/2026\/03\/643430824_10242643324276766_7978607996596011410_n-1568x1176.jpg 1568w, https:\/\/menschendecuba.de\/wp-content\/uploads\/2026\/03\/643430824_10242643324276766_7978607996596011410_n.jpg 2048w\" sizes=\"(max-width: 750px) 100vw, 750px\" style=\"width:100%;height:75%;max-width:2048px\" \/>\t\t\t\t\t\t\t\t\t\t\t\t\t\t\t<\/div>\n\t\t\t\t<\/div>\n\t\t\t\t\t<\/div>\n\t\t<\/div>\n\t\t\t\t\t<\/div>\n\t\t<\/section>\n\t\t\t\t<section class=\"elementor-section elementor-top-section elementor-element elementor-element-f25c80d elementor-section-boxed elementor-section-height-default elementor-section-height-default\" data-id=\"f25c80d\" data-element_type=\"section\" data-e-type=\"section\">\n\t\t\t\t\t\t<div class=\"elementor-container elementor-column-gap-default\">\n\t\t\t\t\t<div class=\"elementor-column elementor-col-100 elementor-top-column elementor-element elementor-element-70ff65d\" data-id=\"70ff65d\" data-element_type=\"column\" data-e-type=\"column\">\n\t\t\t<div class=\"elementor-widget-wrap elementor-element-populated\">\n\t\t\t\t\t\t<div class=\"elementor-element elementor-element-c97ae05 elementor-widget elementor-widget-text-editor\" data-id=\"c97ae05\" data-element_type=\"widget\" data-e-type=\"widget\" data-widget_type=\"text-editor.default\">\n\t\t\t\t<div class=\"elementor-widget-container\">\n\t\t\t\t\t\t\t\t\t<p data-start=\"2311\" data-end=\"2513\">La reuni\u00f3n en Roma no fue solo un intercambio diplom\u00e1tico, sino sobre todo un foro en el que diferentes voces de la sociedad civil cubana pudieron expresar sus preocupaciones y propuestas.<\/p>\n<p data-start=\"2515\" data-end=\"2923\">Representantes de organizaciones del exilio subrayaron que Cuba est\u00e1 viviendo uno de los momentos m\u00e1s dif\u00edciles de su historia reciente. Al mismo tiempo, se\u00f1alaron que est\u00e1 surgiendo una ciudadan\u00eda cada vez m\u00e1s consciente, que conoce sus derechos y los reclama. Las reivindicaciones son claras: libertad de expresi\u00f3n, libertad de asociaci\u00f3n, elecciones libres y pluralistas, instituciones independientes y un verdadero Estado de derecho.<\/p>\n<p data-start=\"2925\" data-end=\"3358\">Adem\u00e1s, se debatieron propuestas concretas para el futuro del pa\u00eds, desde iniciativas sociales para apoyar a los grupos de poblaci\u00f3n especialmente vulnerables hasta estrategias para mejorar la cooperaci\u00f3n entre organizaciones dentro y fuera de Cuba. Se puso de manifiesto un denominador com\u00fan: la transici\u00f3n democr\u00e1tica solo ser\u00e1 posible con una sociedad civil organizada, plural y coordinada.<\/p>\t\t\t\t\t\t\t\t<\/div>\n\t\t\t\t<\/div>\n\t\t\t\t\t<\/div>\n\t\t<\/div>\n\t\t\t\t\t<\/div>\n\t\t<\/section>\n\t\t\t\t<section class=\"elementor-section elementor-top-section elementor-element elementor-element-2076c9d elementor-section-boxed elementor-section-height-default elementor-section-height-default\" data-id=\"2076c9d\" data-element_type=\"section\" data-e-type=\"section\">\n\t\t\t\t\t\t<div class=\"elementor-container elementor-column-gap-default\">\n\t\t\t\t\t<div class=\"elementor-column elementor-col-100 elementor-top-column elementor-element elementor-element-2bcec12\" data-id=\"2bcec12\" data-element_type=\"column\" data-e-type=\"column\">\n\t\t\t<div class=\"elementor-widget-wrap elementor-element-populated\">\n\t\t\t\t\t\t<div class=\"elementor-element elementor-element-38f148f elementor-widget elementor-widget-heading\" data-id=\"38f148f\" data-element_type=\"widget\" data-e-type=\"widget\" data-widget_type=\"heading.default\">\n\t\t\t\t<div class=\"elementor-widget-container\">\n\t\t\t\t\t<h2 class=\"elementor-heading-title elementor-size-default\">La intervenci\u00f3n de Legren V\u00e9lez: \u00abEmbajadores de la verdad\u00bb<\/h2>\t\t\t\t<\/div>\n\t\t\t\t<\/div>\n\t\t\t\t\t<\/div>\n\t\t<\/div>\n\t\t\t\t\t<\/div>\n\t\t<\/section>\n\t\t\t\t<section class=\"elementor-section elementor-top-section elementor-element elementor-element-530a74b elementor-section-boxed elementor-section-height-default elementor-section-height-default\" data-id=\"530a74b\" data-element_type=\"section\" data-e-type=\"section\">\n\t\t\t\t\t\t<div class=\"elementor-container elementor-column-gap-default\">\n\t\t\t\t\t<div class=\"elementor-column elementor-col-100 elementor-top-column elementor-element elementor-element-cac0a76\" data-id=\"cac0a76\" data-element_type=\"column\" data-e-type=\"column\">\n\t\t\t<div class=\"elementor-widget-wrap elementor-element-populated\">\n\t\t\t\t\t\t<div class=\"elementor-element elementor-element-641b60e elementor-widget elementor-widget-image\" data-id=\"641b60e\" data-element_type=\"widget\" data-e-type=\"widget\" data-widget_type=\"image.default\">\n\t\t\t\t<div class=\"elementor-widget-container\">\n\t\t\t\t\t\t\t\t\t\t\t\t\t\t\t<img decoding=\"async\" width=\"750\" height=\"500\" src=\"https:\/\/menschendecuba.de\/wp-content\/uploads\/2026\/03\/643382287_10242643310956433_2078253780186416349_n-1024x683.jpg\" class=\"attachment-large size-large wp-image-2223\" alt=\"\" srcset=\"https:\/\/menschendecuba.de\/wp-content\/uploads\/2026\/03\/643382287_10242643310956433_2078253780186416349_n-1024x683.jpg 1024w, https:\/\/menschendecuba.de\/wp-content\/uploads\/2026\/03\/643382287_10242643310956433_2078253780186416349_n-300x200.jpg 300w, https:\/\/menschendecuba.de\/wp-content\/uploads\/2026\/03\/643382287_10242643310956433_2078253780186416349_n-768x512.jpg 768w, https:\/\/menschendecuba.de\/wp-content\/uploads\/2026\/03\/643382287_10242643310956433_2078253780186416349_n-1536x1025.jpg 1536w, https:\/\/menschendecuba.de\/wp-content\/uploads\/2026\/03\/643382287_10242643310956433_2078253780186416349_n-18x12.jpg 18w, https:\/\/menschendecuba.de\/wp-content\/uploads\/2026\/03\/643382287_10242643310956433_2078253780186416349_n-1568x1046.jpg 1568w, https:\/\/menschendecuba.de\/wp-content\/uploads\/2026\/03\/643382287_10242643310956433_2078253780186416349_n.jpg 2048w\" sizes=\"(max-width: 750px) 100vw, 750px\" style=\"width:100%;height:66.7%;max-width:2048px\" \/>\t\t\t\t\t\t\t\t\t\t\t\t\t\t\t<\/div>\n\t\t\t\t<\/div>\n\t\t\t\t\t<\/div>\n\t\t<\/div>\n\t\t\t\t\t<\/div>\n\t\t<\/section>\n\t\t\t\t<section class=\"elementor-section elementor-top-section elementor-element elementor-element-5f2d4ff elementor-section-boxed elementor-section-height-default elementor-section-height-default\" data-id=\"5f2d4ff\" data-element_type=\"section\" data-e-type=\"section\">\n\t\t\t\t\t\t<div class=\"elementor-container elementor-column-gap-default\">\n\t\t\t\t\t<div class=\"elementor-column elementor-col-100 elementor-top-column elementor-element elementor-element-7d60855\" data-id=\"7d60855\" data-element_type=\"column\" data-e-type=\"column\">\n\t\t\t<div class=\"elementor-widget-wrap elementor-element-populated\">\n\t\t\t\t\t\t<div class=\"elementor-element elementor-element-50fd202 elementor-widget elementor-widget-text-editor\" data-id=\"50fd202\" data-element_type=\"widget\" data-e-type=\"widget\" data-widget_type=\"text-editor.default\">\n\t\t\t\t<div class=\"elementor-widget-container\">\n\t\t\t\t\t\t\t\t\t<p data-start=\"3432\" data-end=\"3683\">En nombre de una parte de la comunidad cubana en Alemania, <strong data-start=\"3505\" data-end=\"3521\">Legren V\u00e9lez<\/strong> un mensaje claro: la sociedad civil independiente cubana est\u00e1 dispuesta a asumir responsabilidades en un futuro proceso de cambio.<\/p>\n<p data-start=\"3685\" data-end=\"3879\">\u201eHeute sind wir Botschafter der Wahrheit. W\u00e4hrend des Wandels werden wir Botschafter des \u00dcbergangs sein. Und wenn Kuba frei ist, werden wir in Europa Botschafter der Freiheit sein\u201c, erkl\u00e4rte er.<\/p>\n<p data-start=\"3881\" data-end=\"4215\">In seiner Rede betonte er, dass Organisationen der Zivilgesellschaft \u2013 vielf\u00e4ltig, aber respektvoll miteinander \u2013 die \u201eStammzelle jeder Demokratie\u201c darstellen. Gleichzeitig rief er dazu auf, das Schweigen zu durchbrechen, das in manchen europ\u00e4ischen Institutionen angesichts der Menschenrechtsverletzungen in Kuba noch immer herrscht.<\/p>\n<p data-start=\"4217\" data-end=\"4489\">Desde esta perspectiva, la di\u00e1spora cubana en Europa no se limita a denunciar la situaci\u00f3n actual. Tambi\u00e9n trabaja activamente en el desarrollo de propuestas institucionales que permitan un futuro democr\u00e1tico y estable para el pa\u00eds.<\/p>\t\t\t\t\t\t\t\t<\/div>\n\t\t\t\t<\/div>\n\t\t\t\t\t<\/div>\n\t\t<\/div>\n\t\t\t\t\t<\/div>\n\t\t<\/section>\n\t\t\t\t<section class=\"elementor-section elementor-top-section elementor-element elementor-element-124bcb0 elementor-section-boxed elementor-section-height-default elementor-section-height-default\" data-id=\"124bcb0\" data-element_type=\"section\" data-e-type=\"section\">\n\t\t\t\t\t\t<div class=\"elementor-container elementor-column-gap-default\">\n\t\t\t\t\t<div class=\"elementor-column elementor-col-100 elementor-top-column elementor-element elementor-element-21d4382\" data-id=\"21d4382\" data-element_type=\"column\" data-e-type=\"column\">\n\t\t\t<div class=\"elementor-widget-wrap elementor-element-populated\">\n\t\t\t\t\t\t<div class=\"elementor-element elementor-element-de1639a elementor-widget elementor-widget-heading\" data-id=\"de1639a\" data-element_type=\"widget\" data-e-type=\"widget\" data-widget_type=\"heading.default\">\n\t\t\t\t<div class=\"elementor-widget-container\">\n\t\t\t\t\t<h2 class=\"elementor-heading-title elementor-size-default\">Preparar desde hoy una transici\u00f3n democr\u00e1tica<\/h2>\t\t\t\t<\/div>\n\t\t\t\t<\/div>\n\t\t\t\t\t<\/div>\n\t\t<\/div>\n\t\t\t\t\t<\/div>\n\t\t<\/section>\n\t\t\t\t<section class=\"elementor-section elementor-top-section elementor-element elementor-element-ff7711e elementor-section-boxed elementor-section-height-default elementor-section-height-default\" data-id=\"ff7711e\" data-element_type=\"section\" data-e-type=\"section\">\n\t\t\t\t\t\t<div class=\"elementor-container elementor-column-gap-default\">\n\t\t\t\t\t<div class=\"elementor-column elementor-col-100 elementor-top-column elementor-element elementor-element-94536f1\" data-id=\"94536f1\" data-element_type=\"column\" data-e-type=\"column\">\n\t\t\t<div class=\"elementor-widget-wrap elementor-element-populated\">\n\t\t\t\t\t\t<div class=\"elementor-element elementor-element-05ba9df elementor-widget elementor-widget-text-editor\" data-id=\"05ba9df\" data-element_type=\"widget\" data-e-type=\"widget\" data-widget_type=\"text-editor.default\">\n\t\t\t\t<div class=\"elementor-widget-container\">\n\t\t\t\t\t\t\t\t\t<p data-start=\"4555\" data-end=\"4760\">Una de las contribuciones m\u00e1s importantes de la reuni\u00f3n fue la presentaci\u00f3n de un modelo estructurado para una transici\u00f3n democr\u00e1tica, elaborado por el <strong data-start=\"4691\" data-end=\"4739\">Foro Cubano Europeo por los Derechos Humanos<\/strong> vorgeschlagen wurde.<\/p>\n<p data-start=\"4762\" data-end=\"5126\">Entre sus pilares fundamentales se encuentran el reconocimiento del pueblo cubano como \u00fanico sujeto soberano, el fortalecimiento de una sociedad civil independiente dentro y fuera de la isla, y el desarrollo de mecanismos participativos \u2014incluido un posible refer\u00e9ndum\u2014 que permitan a los ciudadanos decidir libremente sobre su futuro pol\u00edtico.<\/p>\n<p data-start=\"5128\" data-end=\"5386\">Die Initiative betont au\u00dferdem die absolute Priorit\u00e4t der Freilassung aller politischen Gefangenen sowie den Aufbau stabiler institutioneller Grundlagen, die Gewaltenteilung, Grundrechte und politische Stabilit\u00e4t w\u00e4hrend des \u00dcbergangsprozesses gew\u00e4hrleisten.<\/p>\n<p data-start=\"5388\" data-end=\"5747\">En MenschenDeCuba e.V. estamos convencidos de que el futuro de Cuba debe basarse en la participaci\u00f3n, la responsabilidad y una visi\u00f3n democr\u00e1tica. La historia demuestra que los cambios sostenibles surgen de la voluntad de los pueblos. Como <strong data-start=\"5629\" data-end=\"5645\">Legren V\u00e9lez<\/strong> Como record\u00f3 Legren V\u00e9lez al referirse a las manifestaciones previas a la ca\u00edda del Muro de Berl\u00edn: \u00abNosotros somos el pueblo\u00bb. <strong data-start=\"5723\" data-end=\"5747\">\u201eWir sind das Volk.\u201c<\/strong><\/p>\n<p data-start=\"5749\" data-end=\"5940\" data-is-last-node=\"\" data-is-only-node=\"\">Hoy, los cubanos dentro y fuera de la isla comienzan a prepararse para ese momento. Porque, en \u00faltima instancia, el futuro de Cuba lo decidir\u00e1n los propios cubanos, en libertad.<\/p>\t\t\t\t\t\t\t\t<\/div>\n\t\t\t\t<\/div>\n\t\t\t\t\t<\/div>\n\t\t<\/div>\n\t\t\t\t\t<\/div>\n\t\t<\/section>\n\t\t\t\t<section class=\"elementor-section elementor-top-section elementor-element elementor-element-8d3d953 elementor-section-boxed elementor-section-height-default elementor-section-height-default\" data-id=\"8d3d953\" data-element_type=\"section\" data-e-type=\"section\">\n\t\t\t\t\t\t<div class=\"elementor-container elementor-column-gap-default\">\n\t\t\t\t\t<div class=\"elementor-column elementor-col-100 elementor-top-column elementor-element elementor-element-8abf1b6\" data-id=\"8abf1b6\" data-element_type=\"column\" data-e-type=\"column\">\n\t\t\t<div class=\"elementor-widget-wrap elementor-element-populated\">\n\t\t\t\t\t\t<div class=\"elementor-element elementor-element-ab197e1 elementor-widget elementor-widget-image\" data-id=\"ab197e1\" data-element_type=\"widget\" data-e-type=\"widget\" data-widget_type=\"image.default\">\n\t\t\t\t<div class=\"elementor-widget-container\">\n\t\t\t\t\t\t\t\t\t\t\t\t\t\t\t<img loading=\"lazy\" decoding=\"async\" width=\"750\" height=\"500\" src=\"https:\/\/menschendecuba.de\/wp-content\/uploads\/2026\/03\/643386770_10242643340197164_3247209881434919449_n-1024x683.jpg\" class=\"attachment-large size-large wp-image-2225\" alt=\"\" srcset=\"https:\/\/menschendecuba.de\/wp-content\/uploads\/2026\/03\/643386770_10242643340197164_3247209881434919449_n-1024x683.jpg 1024w, https:\/\/menschendecuba.de\/wp-content\/uploads\/2026\/03\/643386770_10242643340197164_3247209881434919449_n-300x200.jpg 300w, https:\/\/menschendecuba.de\/wp-content\/uploads\/2026\/03\/643386770_10242643340197164_3247209881434919449_n-768x512.jpg 768w, https:\/\/menschendecuba.de\/wp-content\/uploads\/2026\/03\/643386770_10242643340197164_3247209881434919449_n-1536x1025.jpg 1536w, https:\/\/menschendecuba.de\/wp-content\/uploads\/2026\/03\/643386770_10242643340197164_3247209881434919449_n-18x12.jpg 18w, https:\/\/menschendecuba.de\/wp-content\/uploads\/2026\/03\/643386770_10242643340197164_3247209881434919449_n-1568x1046.jpg 1568w, https:\/\/menschendecuba.de\/wp-content\/uploads\/2026\/03\/643386770_10242643340197164_3247209881434919449_n.jpg 2048w\" sizes=\"(max-width: 750px) 100vw, 750px\" style=\"width:100%;height:66.7%;max-width:2048px\" \/>\t\t\t\t\t\t\t\t\t\t\t\t\t\t\t<\/div>\n\t\t\t\t<\/div>\n\t\t\t\t\t<\/div>\n\t\t<\/div>\n\t\t\t\t\t<\/div>\n\t\t<\/section>\n\t\t\t\t<\/div>","protected":false},"excerpt":{"rendered":"<p>En Roma, representantes de la sociedad civil cubana en Europa se reunieron con el diplom\u00e1tico estadounidense Mike Hammer para hablar sobre la situaci\u00f3n de los derechos humanos en Cuba y las posibles v\u00edas hacia un futuro democr\u00e1tico. Legren V\u00e9lez, presidente de MenschenDeCuba e.V., tambi\u00e9n particip\u00f3 en la reuni\u00f3n en representaci\u00f3n de una parte de la sociedad civil cubana independiente en Alemania.<\/p>\n<p>La reuni\u00f3n dej\u00f3 claro que la sociedad civil cubana en el exilio est\u00e1 colaborando m\u00e1s estrechamente para llamar la atenci\u00f3n internacional sobre la situaci\u00f3n de los derechos humanos en Cuba y preparar ideas concretas para una transici\u00f3n democr\u00e1tica. Los participantes subrayaron que el futuro cambio en Cuba debe ser impulsado por el propio pueblo cubano.<\/p>","protected":false},"author":1,"featured_media":2221,"comment_status":"open","ping_status":"open","sticky":false,"template":"","format":"standard","meta":{"footnotes":""},"categories":[9],"tags":[],"class_list":["post-2222","post","type-post","status-publish","format-standard","has-post-thumbnail","hentry","category-blog","entry"],"_links":{"self":[{"href":"https:\/\/menschendecuba.de\/es\/wp-json\/wp\/v2\/posts\/2222","targetHints":{"allow":["GET"]}}],"collection":[{"href":"https:\/\/menschendecuba.de\/es\/wp-json\/wp\/v2\/posts"}],"about":[{"href":"https:\/\/menschendecuba.de\/es\/wp-json\/wp\/v2\/types\/post"}],"author":[{"embeddable":true,"href":"https:\/\/menschendecuba.de\/es\/wp-json\/wp\/v2\/users\/1"}],"replies":[{"embeddable":true,"href":"https:\/\/menschendecuba.de\/es\/wp-json\/wp\/v2\/comments?post=2222"}],"version-history":[{"count":8,"href":"https:\/\/menschendecuba.de\/es\/wp-json\/wp\/v2\/posts\/2222\/revisions"}],"predecessor-version":[{"id":2256,"href":"https:\/\/menschendecuba.de\/es\/wp-json\/wp\/v2\/posts\/2222\/revisions\/2256"}],"wp:featuredmedia":[{"embeddable":true,"href":"https:\/\/menschendecuba.de\/es\/wp-json\/wp\/v2\/media\/2221"}],"wp:attachment":[{"href":"https:\/\/menschendecuba.de\/es\/wp-json\/wp\/v2\/media?parent=2222"}],"wp:term":[{"taxonomy":"category","embeddable":true,"href":"https:\/\/menschendecuba.de\/es\/wp-json\/wp\/v2\/categories?post=2222"},{"taxonomy":"post_tag","embeddable":true,"href":"https:\/\/menschendecuba.de\/es\/wp-json\/wp\/v2\/tags?post=2222"}],"curies":[{"name":"wp","href":"https:\/\/api.w.org\/{rel}","templated":true}]}}