{"id":2133,"date":"2025-01-17T12:41:53","date_gmt":"2025-01-17T12:41:53","guid":{"rendered":"https:\/\/menschendecuba.de\/blog\/2025\/01\/17\/im-exil-lebende-menschen-aus-kuba-bringen-den-kampf-fuer-menschenrechte-in-die-welt-copy\/"},"modified":"2025-01-17T16:52:43","modified_gmt":"2025-01-17T16:52:43","slug":"haftentlassungen-in-kuba-ein-schritt-der-nicht-freiheit-bedeutet","status":"publish","type":"post","link":"https:\/\/menschendecuba.de\/es\/blog\/2025\/01\/17\/haftentlassungen-in-kuba-ein-schritt-der-nicht-freiheit-bedeutet\/","title":{"rendered":"Excarcelaciones en Cuba: un paso que no significa libertad"},"content":{"rendered":"<p>Los \u00faltimos anuncios del gobierno cubano sobre la liberaci\u00f3n de 553 presos han atra\u00eddo la atenci\u00f3n internacional. La asociaci\u00f3n <strong>MenschenDeCuba e.V.<\/strong> valora expresamente este hecho, pero deja claro que la liberaci\u00f3n de presos pol\u00edticos en Cuba no equivale a una aut\u00e9ntica libertad ni a un avance hacia la democratizaci\u00f3n. Estas excarcelaciones de las prisiones cubanas se producen en condiciones que no ponen fin a las condenas arbitrarias ni a la violaci\u00f3n masiva de los derechos humanos.<\/p>\n\n\n\n<p><strong><strong>Presos pol\u00edticos como instrumento de presi\u00f3n<\/strong><\/strong><\/p>\n\n\n\n<p>Cientos de personas est\u00e1n encarceladas en Cuba por motivos pol\u00edticos, muchas de ellas por ejercer derechos humanos b\u00e1sicos como la libertad de expresi\u00f3n o participar en protestas pac\u00edficas. Entre ellas se encuentra el ciudadano alem\u00e1n Luis Fr\u00f3meta Compte. Seg\u00fan organizaciones de derechos humanos e informes de antiguos presos, en las c\u00e1rceles cubanas imperan condiciones inhumanas, caracterizadas por la desnutrici\u00f3n, la tortura, la violencia y la falta de atenci\u00f3n m\u00e9dica.<\/p>\n\n\n\n<p>Seg\u00fan el gobierno cubano, las excarcelaciones previstas se llevar\u00e1n a cabo de forma gradual y se decidieron en el contexto del A\u00f1o Jubilar 2025 proclamado por la Iglesia cat\u00f3lica. El Papa Francisco fue informado de la decisi\u00f3n en enero de 2025 por el Presidente de Cuba, Miguel D\u00edaz-Canel, tras las negociaciones con el Vaticano. El Presidente ya hab\u00eda hablado de la situaci\u00f3n de los presos durante una visita al Vaticano el pasado mes de junio.<\/p>\n\n\n\n<figure class=\"wp-block-image size-full\"><img fetchpriority=\"high\" decoding=\"async\" width=\"600\" height=\"350\" src=\"http:\/\/menschendecuba.de\/wp-content\/uploads\/2023\/05\/Luis-Frometa-Bild.jpg\" alt=\"\" class=\"wp-image-1718\" srcset=\"https:\/\/menschendecuba.de\/wp-content\/uploads\/2023\/05\/Luis-Frometa-Bild.jpg 600w, https:\/\/menschendecuba.de\/wp-content\/uploads\/2023\/05\/Luis-Frometa-Bild-300x175.jpg 300w, https:\/\/menschendecuba.de\/wp-content\/uploads\/2023\/05\/Luis-Frometa-Bild-18x12.jpg 18w\" sizes=\"(max-width: 600px) 100vw, 600px\" \/><\/figure>\n\n\n\n<p><strong><strong>Conexi\u00f3n con la lista terrorista de EE.UU. y la diplomacia secreta<\/strong><\/strong><\/p>\n\n\n\n<p>La liberaci\u00f3n de los presos coincide con una importante decisi\u00f3n adoptada por Estados Unidos poco antes del final del mandato del presidente Joe Biden: Cuba saldr\u00e1 de la lista de Estados que apoyan el terrorismo. Esta categorizaci\u00f3n, vinculada a sanciones econ\u00f3micas masivas, fue reactivada por la administraci\u00f3n Trump en 2021. Para ello aludi\u00f3 al apoyo de Cuba al presidente venezolano Nicol\u00e1s Maduro y a su negativa a extraditar a l\u00edderes de la guerrilla colombiana. <\/p>\n\n\n\n<p>Cabe suponer que tanto la retirada de Cuba de la lista de pa\u00edses terroristas de EE.UU. como la liberaci\u00f3n de las 553 personas est\u00e1n estrechamente vinculadas a la mediaci\u00f3n del Vaticano. No es la primera vez que Cuba y EEUU alcanzan acuerdos pol\u00edticos y \u00e9xitos negociadores a trav\u00e9s de la diplomacia secreta y la mediaci\u00f3n de terceros. Normalmente se consiguen a costa de personas que previamente han sufrido las m\u00e1s duras condiciones de las c\u00e1rceles cubanas. Los presos pol\u00edticos en Cuba siempre son considerados rehenes que son utilizados indebidamente como moneda de cambio con fines pol\u00edticos.<\/p>\n\n\n\n<p><strong>Por qu\u00e9 Cuba se incluy\u00f3 en la lista de pa\u00edses terroristas de EE.UU.<\/strong><\/p>\n\n\n\n<p>La inclusi\u00f3n de Cuba en la lista de pa\u00edses terroristas de Estados Unidos se remonta a 1982, cuando el pa\u00eds fue incluido en ella por su apoyo a grupos terroristas internacionales y movimientos pol\u00edticos que empleaban la violencia. Un ejemplo significativo de ello fue el apoyo de Cuba al grupo guerrillero colombiano M-19, que llev\u00f3 a cabo un espectacular ataque contra la embajada de la Rep\u00fablica Dominicana en Bogot\u00e1 en 1980, tomando como rehenes a diplom\u00e1ticos de alto rango y negociando su huida a Cuba y un rescate a cambio. Poco despu\u00e9s de su llegada a Cuba, los guerrilleros, equipados con armas sovi\u00e9ticas, regresaron a Colombia para continuar su lucha armada.<\/p>\n\n\n\n<p>Adem\u00e1s, Cuba concedi\u00f3 a los miembros del <strong>movimiento norteamericano de las Panteras Negras<\/strong>, del grupo vasco <strong>ETA<\/strong> y otros grupos internacionales calificados de terroristas por Estados Unidos y sus aliados.<\/p>\n\n\n\n<p>Bajo el gobierno comunista, Cuba se hizo un nombre como actor clave en la Guerra Fr\u00eda al apoyar movimientos internacionales y grupos terroristas dirigidos contra las democracias occidentales. Esta implicaci\u00f3n convirti\u00f3 al pa\u00eds no s\u00f3lo en un adversario geopol\u00edtico de Occidente, sino tambi\u00e9n en un s\u00edmbolo de la lucha contra los principios de las sociedades democr\u00e1ticas y su influencia en todo el mundo.<\/p>\n\n\n\n<figure class=\"wp-block-gallery has-nested-images columns-default is-cropped wp-block-gallery-1 is-layout-flex wp-block-gallery-is-layout-flex\">\n<figure class=\"wp-block-image size-large\"><img decoding=\"async\" width=\"1024\" height=\"771\" data-id=\"2127\" src=\"http:\/\/menschendecuba.de\/wp-content\/uploads\/2024\/12\/DemoNuernberg5-1024x771.jpg\" alt=\"\" class=\"wp-image-2127\" srcset=\"https:\/\/menschendecuba.de\/wp-content\/uploads\/2024\/12\/DemoNuernberg5-1024x771.jpg 1024w, https:\/\/menschendecuba.de\/wp-content\/uploads\/2024\/12\/DemoNuernberg5-300x226.jpg 300w, https:\/\/menschendecuba.de\/wp-content\/uploads\/2024\/12\/DemoNuernberg5-768x578.jpg 768w, https:\/\/menschendecuba.de\/wp-content\/uploads\/2024\/12\/DemoNuernberg5-1536x1156.jpg 1536w, https:\/\/menschendecuba.de\/wp-content\/uploads\/2024\/12\/DemoNuernberg5-16x12.jpg 16w, https:\/\/menschendecuba.de\/wp-content\/uploads\/2024\/12\/DemoNuernberg5-1568x1180.jpg 1568w, https:\/\/menschendecuba.de\/wp-content\/uploads\/2024\/12\/DemoNuernberg5.jpg 1600w\" sizes=\"(max-width: 1024px) 100vw, 1024px\" \/><\/figure>\n<\/figure>\n\n\n\n<p><strong><strong>Los puntos de inflexi\u00f3n de Obama y Trump<\/strong><\/strong><\/p>\n\n\n\n<p>En 2015, el gobierno de Barack Obama retir\u00f3 a Cuba de la lista de pa\u00edses terroristas para reanudar las relaciones diplom\u00e1ticas entre ambos vecinos tras d\u00e9cadas de tensiones pol\u00edticas. La negativa continuada del gobierno cubano hasta el d\u00eda de hoy a impulsar reformas pol\u00edticas fundamentales hacia la democratizaci\u00f3n del pa\u00eds -a pesar del acercamiento bajo el mandato de Obama- confirm\u00f3 a Cuba como un pa\u00eds autoritario que no ha avanzado en garantizar la libertad de expresi\u00f3n, unas elecciones justas o la protecci\u00f3n de la oposici\u00f3n pol\u00edtica. <\/p>\n\n\n\n<p>Los dirigentes cubanos de Ra\u00fal Castro y, m\u00e1s tarde, de Miguel D\u00edaz-Canel siguieron aferrados a su sistema de partido \u00fanico, en el que se reprimen las opiniones disidentes y se encarcela arbitrariamente a los presos pol\u00edticos. Sin embargo, la medida de retirar a Cuba de la lista de pa\u00edses terroristas fue revocada por la administraci\u00f3n Trump en 2021. La raz\u00f3n aducida fue que Cuba sigue apoyando a organizaciones terroristas y reg\u00edmenes autoritarios como el de Nicol\u00e1s Maduro en Venezuela y proporciona protecci\u00f3n a presuntos terroristas.<\/p>\n\n\n\n<p><strong>Sin libertad real para los excarcelados<\/strong><\/p>\n\n\n\n<p>Aunque las excarcelaciones son acogidas con satisfacci\u00f3n por actores internacionales y organizaciones como MenschenDeCuba e.V., hay una cr\u00edtica clara: las excarcelaciones se basan en un acuerdo de libertad condicional que no constituye una amnist\u00eda ni un indulto. Las condenas de los afectados siguen vigentes y contin\u00faan viviendo bajo la amenaza constante de volver a ser encarcelados. Seg\u00fan los informes de los primeros presos excarcelados, como Rowland Castillo, menor de edad durante las protestas del 11 de julio de 2021, o Jos\u00e9 Daniel Ferrer, s\u00edmbolo de la oposici\u00f3n cubana cuya pena de prisi\u00f3n ya hab\u00eda expirado, fueron presionados por las autoridades de seguridad para que no hablaran sobre sus condiciones de encarcelamiento ni sobre la situaci\u00f3n pol\u00edtica en Cuba.<\/p>\n\n\n\n<p>&nbsp;<\/p>\n\n\n<div class=\"wp-block-image\">\n<figure class=\"aligncenter size-full\"><img decoding=\"async\" width=\"1200\" height=\"840\" src=\"http:\/\/menschendecuba.de\/wp-content\/uploads\/2025\/01\/jose-daniel-U603399659753bbB-U70119824573tm-1200x840@diario_abc.webp\" alt=\"\" class=\"wp-image-2139\" srcset=\"https:\/\/menschendecuba.de\/wp-content\/uploads\/2025\/01\/jose-daniel-U603399659753bbB-U70119824573tm-1200x840@diario_abc.webp 1200w, https:\/\/menschendecuba.de\/wp-content\/uploads\/2025\/01\/jose-daniel-U603399659753bbB-U70119824573tm-1200x840@diario_abc-300x210.webp 300w, https:\/\/menschendecuba.de\/wp-content\/uploads\/2025\/01\/jose-daniel-U603399659753bbB-U70119824573tm-1200x840@diario_abc-1024x717.webp 1024w, https:\/\/menschendecuba.de\/wp-content\/uploads\/2025\/01\/jose-daniel-U603399659753bbB-U70119824573tm-1200x840@diario_abc-768x538.webp 768w, https:\/\/menschendecuba.de\/wp-content\/uploads\/2025\/01\/jose-daniel-U603399659753bbB-U70119824573tm-1200x840@diario_abc-18x12.webp 18w\" sizes=\"(max-width: 1200px) 100vw, 1200px\" \/><\/figure><\/div>\n\n\n<p><strong>Exigencias al gobierno comunista<\/strong><\/p>\n\n\n\n<p>MenschenDeCuba e.V. subraya: \u00a1Estas personas no son libres! Las personas liberadas siguen siendo rehenes de un sistema que utiliza a los presos pol\u00edticos como elemento de presi\u00f3n en las negociaciones internacionales.<\/p>\n\n\n\n<p>MenschenDeCuba e.V. exige al gobierno comunista la liberaci\u00f3n incondicional de todos los presos pol\u00edticos y el pleno reconocimiento de sus derechos humanos. Las medidas actuales no son suficientes para resolver los problemas fundamentales de la represi\u00f3n pol\u00edtica y la justicia arbitraria en Cuba.<\/p>\n\n\n\n<p>Los \u00faltimos acontecimientos demuestran lo estrechamente entrelazados que est\u00e1n la diplomacia internacional y los derechos humanos. Sin embargo, mientras no se restablezcan plenamente los derechos de los afectados, la supuesta libertad de muchos ex presos y la libertad de toda una naci\u00f3n seguir\u00e1n siendo una ilusi\u00f3n.<\/p>\n\n\n\n<figure class=\"wp-block-image size-large\"><img loading=\"lazy\" decoding=\"async\" width=\"1024\" height=\"771\" src=\"http:\/\/menschendecuba.de\/wp-content\/uploads\/2024\/12\/DemoNuernberg7-1024x771.jpg\" alt=\"\" class=\"wp-image-2126\" srcset=\"https:\/\/menschendecuba.de\/wp-content\/uploads\/2024\/12\/DemoNuernberg7-1024x771.jpg 1024w, https:\/\/menschendecuba.de\/wp-content\/uploads\/2024\/12\/DemoNuernberg7-300x226.jpg 300w, https:\/\/menschendecuba.de\/wp-content\/uploads\/2024\/12\/DemoNuernberg7-768x578.jpg 768w, https:\/\/menschendecuba.de\/wp-content\/uploads\/2024\/12\/DemoNuernberg7-1536x1156.jpg 1536w, https:\/\/menschendecuba.de\/wp-content\/uploads\/2024\/12\/DemoNuernberg7-16x12.jpg 16w, https:\/\/menschendecuba.de\/wp-content\/uploads\/2024\/12\/DemoNuernberg7-1568x1180.jpg 1568w, https:\/\/menschendecuba.de\/wp-content\/uploads\/2024\/12\/DemoNuernberg7.jpg 1600w\" sizes=\"(max-width: 1024px) 100vw, 1024px\" \/><\/figure>\n\n\n\n<p><\/p>","protected":false},"excerpt":{"rendered":"<p>Las excarcelaciones anunciadas recientemente en Cuba conciernen a 553 presos, incluidos presos pol\u00edticos. Aunque son bien acogidas internacionalmente, organizaciones de derechos humanos como MenschenDeCuba e.V. critican que estas excarcelaciones est\u00e9n sujetas a estrictas condiciones de libertad condicional y no signifiquen la libertad real. Cuba sigue utilizando a los presos pol\u00edticos como elemento de presi\u00f3n en las negociaciones diplom\u00e1ticas, como ocurri\u00f3 recientemente con la retirada de la lista de terroristas de Estados Unidos. Mientras no haya reformas fundamentales hacia la democratizaci\u00f3n y el respeto de los derechos humanos, estas medidas seguir\u00e1n siendo puramente simb\u00f3licas y continuar\u00e1 la represi\u00f3n en el pa\u00eds.<\/p>","protected":false},"author":1,"featured_media":1942,"comment_status":"open","ping_status":"open","sticky":false,"template":"","format":"standard","meta":{"footnotes":""},"categories":[9],"tags":[],"class_list":["post-2133","post","type-post","status-publish","format-standard","has-post-thumbnail","hentry","category-blog","entry"],"_links":{"self":[{"href":"https:\/\/menschendecuba.de\/es\/wp-json\/wp\/v2\/posts\/2133","targetHints":{"allow":["GET"]}}],"collection":[{"href":"https:\/\/menschendecuba.de\/es\/wp-json\/wp\/v2\/posts"}],"about":[{"href":"https:\/\/menschendecuba.de\/es\/wp-json\/wp\/v2\/types\/post"}],"author":[{"embeddable":true,"href":"https:\/\/menschendecuba.de\/es\/wp-json\/wp\/v2\/users\/1"}],"replies":[{"embeddable":true,"href":"https:\/\/menschendecuba.de\/es\/wp-json\/wp\/v2\/comments?post=2133"}],"version-history":[{"count":9,"href":"https:\/\/menschendecuba.de\/es\/wp-json\/wp\/v2\/posts\/2133\/revisions"}],"predecessor-version":[{"id":2149,"href":"https:\/\/menschendecuba.de\/es\/wp-json\/wp\/v2\/posts\/2133\/revisions\/2149"}],"wp:featuredmedia":[{"embeddable":true,"href":"https:\/\/menschendecuba.de\/es\/wp-json\/wp\/v2\/media\/1942"}],"wp:attachment":[{"href":"https:\/\/menschendecuba.de\/es\/wp-json\/wp\/v2\/media?parent=2133"}],"wp:term":[{"taxonomy":"category","embeddable":true,"href":"https:\/\/menschendecuba.de\/es\/wp-json\/wp\/v2\/categories?post=2133"},{"taxonomy":"post_tag","embeddable":true,"href":"https:\/\/menschendecuba.de\/es\/wp-json\/wp\/v2\/tags?post=2133"}],"curies":[{"name":"wp","href":"https:\/\/api.w.org\/{rel}","templated":true}]}}